{"id":1212,"date":"2014-05-09T07:24:10","date_gmt":"2014-05-09T05:24:10","guid":{"rendered":"http:\/\/kergroixnoble.fr\/blog\/?p=1212"},"modified":"2014-05-09T14:11:54","modified_gmt":"2014-05-09T12:11:54","slug":"allons-tater-de-la-neige","status":"publish","type":"post","link":"https:\/\/kergroixnoble.fr\/blog\/2014\/allons-tater-de-la-neige\/","title":{"rendered":"Allons t\u00e2ter de la neige"},"content":{"rendered":"<p><a href=\"https:\/\/kergroixnoble.fr\/blog\/wp-content\/uploads\/2014\/05\/20140503_112109_0327_pfz200.jpg\"><img loading=\"lazy\" decoding=\"async\" class=\"alignleft size-medium wp-image-1216\" src=\"https:\/\/kergroixnoble.fr\/blog\/wp-content\/uploads\/2014\/05\/20140503_112109_0327_pfz200-300x225.jpg\" alt=\"20140503_112109_0327_pfz200\" width=\"300\" height=\"225\" srcset=\"https:\/\/kergroixnoble.fr\/blog\/wp-content\/uploads\/2014\/05\/20140503_112109_0327_pfz200-300x225.jpg 300w, https:\/\/kergroixnoble.fr\/blog\/wp-content\/uploads\/2014\/05\/20140503_112109_0327_pfz200.jpg 550w\" sizes=\"(max-width: 300px) 100vw, 300px\" \/><\/a>Cette ann\u00e9e, il y a eu 4 jours pour le pont du 1er mai. Il n&rsquo;a pas fait bien beau sur les Andes, notamment le jeudi et le vendredi, en parti du \u00e0 un syst\u00e8me nuageux en provenance du <a href=\"http:\/\/fr.wikipedia.org\/wiki\/Chili\">Chili<\/a> particuli\u00e8rement virulent&#8230; Tous les sommets \u00e9taient pris dans les nuages, m\u00eames les petits et la visibilit\u00e9 \u00e9tait tr\u00e8s faible. Cependant, si on restait suffisamment loin dans la <a href=\"http:\/\/fr.wikipedia.org\/wiki\/Pampa\">pampa<\/a>, il ne pleuvait pas et c&rsquo;est peut \u00eatre le plus important.<a href=\"https:\/\/kergroixnoble.fr\/blog\/wp-content\/uploads\/2014\/05\/20140503_114723_0342_pfz200.jpg\"><img loading=\"lazy\" decoding=\"async\" class=\"alignright wp-image-1215 size-medium\" src=\"https:\/\/kergroixnoble.fr\/blog\/wp-content\/uploads\/2014\/05\/20140503_114723_0342_pfz200-225x300.jpg\" alt=\"20140503_114723_0342_pfz200\" width=\"225\" height=\"300\" srcset=\"https:\/\/kergroixnoble.fr\/blog\/wp-content\/uploads\/2014\/05\/20140503_114723_0342_pfz200-225x300.jpg 225w, https:\/\/kergroixnoble.fr\/blog\/wp-content\/uploads\/2014\/05\/20140503_114723_0342_pfz200.jpg 550w\" sizes=\"(max-width: 225px) 100vw, 225px\" \/><\/a><\/p>\n<p>Le samedi, le temps \u00e9tant de nouveau plus clair ainsi que les pr\u00e9visions m\u00e9t\u00e9orologiques l&rsquo;annon\u00e7aient, nous avons piqu\u00e9 dans la vall\u00e9e <span dir=\"auto\">du Cerro Torrecillas<\/span> de afin de remonter jusqu&rsquo;\u00e0 la station de skis de <a href=\"http:\/\/fr.wikipedia.org\/wiki\/Las_Le%C3%B1as\">Las Le\u00f1as<\/a> (prononcer <em>Las L\u00e9gnas<\/em> \u00e0 peu pr\u00e8s), une des plus grandes d&rsquo;Argentine. La route poursuit bien au del\u00e0 mais il y avait d\u00e9j\u00e0 20cm de neige fra\u00eeche \u00e0 2000m. On n&rsquo;est donc pas all\u00e9 plus loin !<\/p>\n<p>Ces fortes chutes de neige de d\u00e9but de saison, cela donne souvent de la neige tr\u00e8s humide et lourde. En scandale, parce que je le vaut bien, c&rsquo;est tout aussi froid qu&rsquo;en France.<\/p>\n<p>A noter que la neige a exactement le m\u00eame go\u00fbt dans l&rsquo;h\u00e9misph\u00e8re Sud que dans l&rsquo;h\u00e9misph\u00e8re Nord !<\/p>\n<p>&nbsp;<\/p>\n","protected":false},"excerpt":{"rendered":"<p>Cette ann\u00e9e, il y a eu 4 jours pour le pont du 1er mai. Il n&rsquo;a pas fait bien beau sur les Andes, notamment le jeudi et le vendredi, en parti du \u00e0 un syst\u00e8me nuageux en provenance du Chili &hellip; <a href=\"https:\/\/kergroixnoble.fr\/blog\/2014\/allons-tater-de-la-neige\/\">Continuer la lecture <span class=\"meta-nav\">&rarr;<\/span><\/a><\/p>\n","protected":false},"author":4,"featured_media":0,"comment_status":"open","ping_status":"open","sticky":false,"template":"","format":"standard","meta":{"footnotes":""},"categories":[1],"tags":[],"class_list":["post-1212","post","type-post","status-publish","format-standard","hentry","category-uncategorized"],"_links":{"self":[{"href":"https:\/\/kergroixnoble.fr\/blog\/wp-json\/wp\/v2\/posts\/1212"}],"collection":[{"href":"https:\/\/kergroixnoble.fr\/blog\/wp-json\/wp\/v2\/posts"}],"about":[{"href":"https:\/\/kergroixnoble.fr\/blog\/wp-json\/wp\/v2\/types\/post"}],"author":[{"embeddable":true,"href":"https:\/\/kergroixnoble.fr\/blog\/wp-json\/wp\/v2\/users\/4"}],"replies":[{"embeddable":true,"href":"https:\/\/kergroixnoble.fr\/blog\/wp-json\/wp\/v2\/comments?post=1212"}],"version-history":[{"count":5,"href":"https:\/\/kergroixnoble.fr\/blog\/wp-json\/wp\/v2\/posts\/1212\/revisions"}],"predecessor-version":[{"id":1247,"href":"https:\/\/kergroixnoble.fr\/blog\/wp-json\/wp\/v2\/posts\/1212\/revisions\/1247"}],"wp:attachment":[{"href":"https:\/\/kergroixnoble.fr\/blog\/wp-json\/wp\/v2\/media?parent=1212"}],"wp:term":[{"taxonomy":"category","embeddable":true,"href":"https:\/\/kergroixnoble.fr\/blog\/wp-json\/wp\/v2\/categories?post=1212"},{"taxonomy":"post_tag","embeddable":true,"href":"https:\/\/kergroixnoble.fr\/blog\/wp-json\/wp\/v2\/tags?post=1212"}],"curies":[{"name":"wp","href":"https:\/\/api.w.org\/{rel}","templated":true}]}}