{"id":1324,"date":"2014-06-08T20:13:00","date_gmt":"2014-06-08T18:13:00","guid":{"rendered":"http:\/\/kergroixnoble.fr\/blog\/?p=1324"},"modified":"2014-06-07T02:44:30","modified_gmt":"2014-06-07T00:44:30","slug":"lever-de-lune-sur-san-martin","status":"publish","type":"post","link":"https:\/\/kergroixnoble.fr\/blog\/2014\/lever-de-lune-sur-san-martin\/","title":{"rendered":"Lever de Lune sur San Martin"},"content":{"rendered":"<p><a href=\"https:\/\/kergroixnoble.fr\/blog\/wp-content\/uploads\/2014\/05\/20140515_081418_0026_pfz200.jpg\"><img loading=\"lazy\" decoding=\"async\" class=\"alignleft size-medium wp-image-1325\" src=\"https:\/\/kergroixnoble.fr\/blog\/wp-content\/uploads\/2014\/05\/20140515_081418_0026_pfz200-300x225.jpg\" alt=\"20140515_081418_0026_pfz200\" width=\"300\" height=\"225\" srcset=\"https:\/\/kergroixnoble.fr\/blog\/wp-content\/uploads\/2014\/05\/20140515_081418_0026_pfz200-300x225.jpg 300w, https:\/\/kergroixnoble.fr\/blog\/wp-content\/uploads\/2014\/05\/20140515_081418_0026_pfz200.jpg 550w\" sizes=\"(max-width: 300px) 100vw, 300px\" \/><\/a>Si vous passez un jour par le parc de <a title=\"Cela se passe pr\u00e8s de chez vous\" href=\"https:\/\/kergroixnoble.fr\/blog\/2014\/cela-se-passe-pres-de-chez-vous\/\">San Martin<\/a> et que vous ratez le lever de lune du matin, cela ne pose aucun probl\u00e8me, il suffit de repasser un mois apr\u00e8s !<\/p>\n<p>Dans la vraie vie, les couleurs \u00e9taient bien plus contrast\u00e9es avec un rouge marqu\u00e9 par le soleil levant (dans notre dos).<\/p>\n<p>Si vous cherchez la Lune, elle est toute petite en plein centre&#8230; J&rsquo;ai une autre version prise au zoom mais au final bien plus fade et n&rsquo;ayant pas non plus les reflets magiques sur le lac !<\/p>\n","protected":false},"excerpt":{"rendered":"<p>Si vous passez un jour par le parc de San Martin et que vous ratez le lever de lune du matin, cela ne pose aucun probl\u00e8me, il suffit de repasser un mois apr\u00e8s ! Dans la vraie vie, les couleurs &hellip; <a href=\"https:\/\/kergroixnoble.fr\/blog\/2014\/lever-de-lune-sur-san-martin\/\">Continuer la lecture <span class=\"meta-nav\">&rarr;<\/span><\/a><\/p>\n","protected":false},"author":4,"featured_media":0,"comment_status":"open","ping_status":"open","sticky":false,"template":"","format":"standard","meta":{"footnotes":""},"categories":[1],"tags":[],"class_list":["post-1324","post","type-post","status-publish","format-standard","hentry","category-uncategorized"],"_links":{"self":[{"href":"https:\/\/kergroixnoble.fr\/blog\/wp-json\/wp\/v2\/posts\/1324"}],"collection":[{"href":"https:\/\/kergroixnoble.fr\/blog\/wp-json\/wp\/v2\/posts"}],"about":[{"href":"https:\/\/kergroixnoble.fr\/blog\/wp-json\/wp\/v2\/types\/post"}],"author":[{"embeddable":true,"href":"https:\/\/kergroixnoble.fr\/blog\/wp-json\/wp\/v2\/users\/4"}],"replies":[{"embeddable":true,"href":"https:\/\/kergroixnoble.fr\/blog\/wp-json\/wp\/v2\/comments?post=1324"}],"version-history":[{"count":4,"href":"https:\/\/kergroixnoble.fr\/blog\/wp-json\/wp\/v2\/posts\/1324\/revisions"}],"predecessor-version":[{"id":1339,"href":"https:\/\/kergroixnoble.fr\/blog\/wp-json\/wp\/v2\/posts\/1324\/revisions\/1339"}],"wp:attachment":[{"href":"https:\/\/kergroixnoble.fr\/blog\/wp-json\/wp\/v2\/media?parent=1324"}],"wp:term":[{"taxonomy":"category","embeddable":true,"href":"https:\/\/kergroixnoble.fr\/blog\/wp-json\/wp\/v2\/categories?post=1324"},{"taxonomy":"post_tag","embeddable":true,"href":"https:\/\/kergroixnoble.fr\/blog\/wp-json\/wp\/v2\/tags?post=1324"}],"curies":[{"name":"wp","href":"https:\/\/api.w.org\/{rel}","templated":true}]}}