{"id":1387,"date":"2014-06-06T11:24:43","date_gmt":"2014-06-06T09:24:43","guid":{"rendered":"http:\/\/kergroixnoble.fr\/blog\/?p=1387"},"modified":"2014-06-06T01:51:27","modified_gmt":"2014-06-05T23:51:27","slug":"la-mascotte-de-san-juan","status":"publish","type":"post","link":"https:\/\/kergroixnoble.fr\/blog\/2014\/la-mascotte-de-san-juan\/","title":{"rendered":"La mascotte de San Juan"},"content":{"rendered":"<p><a href=\"https:\/\/kergroixnoble.fr\/blog\/wp-content\/uploads\/2014\/06\/20140603_145232_0618_pfz200.jpg\"><img loading=\"lazy\" decoding=\"async\" class=\"alignleft size-medium wp-image-1388\" src=\"https:\/\/kergroixnoble.fr\/blog\/wp-content\/uploads\/2014\/06\/20140603_145232_0618_pfz200-225x300.jpg\" alt=\"20140603_145232_0618_pfz200\" width=\"225\" height=\"300\" srcset=\"https:\/\/kergroixnoble.fr\/blog\/wp-content\/uploads\/2014\/06\/20140603_145232_0618_pfz200-225x300.jpg 225w, https:\/\/kergroixnoble.fr\/blog\/wp-content\/uploads\/2014\/06\/20140603_145232_0618_pfz200.jpg 550w\" sizes=\"(max-width: 225px) 100vw, 225px\" \/><\/a>Le vol entre <a href=\"https:\/\/fr.wikipedia.org\/wiki\/Puerto_Iguaz%C3%BA\">Puerto Iguaz\u00fa<\/a> et <a href=\"https:\/\/fr.wikipedia.org\/wiki\/Mendoza_%28ville%29\">Mendoza<\/a> passe par la grande ville du nord : <a href=\"https:\/\/fr.wikipedia.org\/wiki\/Salta\">Salta<\/a>. Le deuxi\u00e8me tron\u00e7on a\u00e9rien suit alors les Andes du nord au sud et c&rsquo;est assez magnifique. Nous l&rsquo;avons pris en milieu d&rsquo;apr\u00e8s midi mais l&rsquo;id\u00e9al serait un vol du matin afin de profiter au mieux de la <a href=\"https:\/\/fr.wikipedia.org\/wiki\/Cordill%C3%A8re_des_andes\">cordill\u00e8re<\/a> lors du soleil levant.<\/p>\n<p>D\u00e8s le survol de <a href=\"https:\/\/fr.wikipedia.org\/wiki\/San_Juan_%28Argentine%29\">San Juan<\/a>, ville de 400_000 \u00e2mes situ\u00e9 \u00e0 environ 170 km au nord de <a href=\"https:\/\/fr.wikipedia.org\/wiki\/Mendoza_%28ville%29\">Mendoza<\/a>, on nous annonce la descente sur l&rsquo;a\u00e9roport de <a href=\"https:\/\/fr.wikipedia.org\/wiki\/Mendoza_%28ville%29\">Mendoza<\/a> ! Le tout ira effectivement tr\u00e8s vite alors que nous avions mis facilement plus de 2h en voiture, sur une route il est vrai un peu p\u00e9nible (grosses orni\u00e8res dues aux camions, anciennes voitures n&rsquo;allant pas du tout \u00e0 la m\u00eame vitesse que les modernes&#8230;).<\/p>\n<p>Au del\u00e0 de la bonne surprise de voir <a href=\"https:\/\/fr.wikipedia.org\/wiki\/San_Juan_%28Argentine%29\">San Juan<\/a> et surtout de reconna\u00eetre l\u2019itin\u00e9raire que nous avions emprunt\u00e9, la vue de l&rsquo;oasis vu du ciel est surprenante. On voit bien que nous ne sommes pas en zone temp\u00e9r\u00e9e et il ne fait pas de doute que c&rsquo;est l&rsquo;hiver. <a href=\"https:\/\/fr.wikipedia.org\/wiki\/San_Juan_%28province_argentine%29\">San Juan<\/a> comme <a href=\"https:\/\/fr.wikipedia.org\/wiki\/Province_de_Mendoza\">Mendoza<\/a> est une province tr\u00e8s viticole et les vignes sont noires.<\/p>\n<p>Malheureusement, les photographies prises d&rsquo;avions sont souvent nulles compar\u00e9es aux images r\u00e9tiniennes mais celle-ci est quand m\u00eame pas mal je trouve !<\/p>\n","protected":false},"excerpt":{"rendered":"<p>Le vol entre Puerto Iguaz\u00fa et Mendoza passe par la grande ville du nord : Salta. Le deuxi\u00e8me tron\u00e7on a\u00e9rien suit alors les Andes du nord au sud et c&rsquo;est assez magnifique. Nous l&rsquo;avons pris en milieu d&rsquo;apr\u00e8s midi mais &hellip; <a href=\"https:\/\/kergroixnoble.fr\/blog\/2014\/la-mascotte-de-san-juan\/\">Continuer la lecture <span class=\"meta-nav\">&rarr;<\/span><\/a><\/p>\n","protected":false},"author":4,"featured_media":0,"comment_status":"open","ping_status":"open","sticky":false,"template":"","format":"standard","meta":{"footnotes":""},"categories":[1],"tags":[],"class_list":["post-1387","post","type-post","status-publish","format-standard","hentry","category-uncategorized"],"_links":{"self":[{"href":"https:\/\/kergroixnoble.fr\/blog\/wp-json\/wp\/v2\/posts\/1387"}],"collection":[{"href":"https:\/\/kergroixnoble.fr\/blog\/wp-json\/wp\/v2\/posts"}],"about":[{"href":"https:\/\/kergroixnoble.fr\/blog\/wp-json\/wp\/v2\/types\/post"}],"author":[{"embeddable":true,"href":"https:\/\/kergroixnoble.fr\/blog\/wp-json\/wp\/v2\/users\/4"}],"replies":[{"embeddable":true,"href":"https:\/\/kergroixnoble.fr\/blog\/wp-json\/wp\/v2\/comments?post=1387"}],"version-history":[{"count":3,"href":"https:\/\/kergroixnoble.fr\/blog\/wp-json\/wp\/v2\/posts\/1387\/revisions"}],"predecessor-version":[{"id":1390,"href":"https:\/\/kergroixnoble.fr\/blog\/wp-json\/wp\/v2\/posts\/1387\/revisions\/1390"}],"wp:attachment":[{"href":"https:\/\/kergroixnoble.fr\/blog\/wp-json\/wp\/v2\/media?parent=1387"}],"wp:term":[{"taxonomy":"category","embeddable":true,"href":"https:\/\/kergroixnoble.fr\/blog\/wp-json\/wp\/v2\/categories?post=1387"},{"taxonomy":"post_tag","embeddable":true,"href":"https:\/\/kergroixnoble.fr\/blog\/wp-json\/wp\/v2\/tags?post=1387"}],"curies":[{"name":"wp","href":"https:\/\/api.w.org\/{rel}","templated":true}]}}