{"id":2088,"date":"2014-09-12T19:09:58","date_gmt":"2014-09-12T17:09:58","guid":{"rendered":"http:\/\/kergroixnoble.fr\/blog\/?p=2088"},"modified":"2014-09-10T19:10:35","modified_gmt":"2014-09-10T17:10:35","slug":"monter-pour-mieux-couler","status":"publish","type":"post","link":"https:\/\/kergroixnoble.fr\/blog\/2014\/monter-pour-mieux-couler\/","title":{"rendered":"Monter pour mieux couler"},"content":{"rendered":"<p><a href=\"https:\/\/kergroixnoble.fr\/blog\/wp-content\/uploads\/2014\/09\/20140907_055639_0002_pfz200.jpg\"><img loading=\"lazy\" decoding=\"async\" class=\"alignleft size-medium wp-image-2089\" src=\"https:\/\/kergroixnoble.fr\/blog\/wp-content\/uploads\/2014\/09\/20140907_055639_0002_pfz200-300x225.jpg\" alt=\"20140907_055639_0002_pfz200\" width=\"300\" height=\"225\" srcset=\"https:\/\/kergroixnoble.fr\/blog\/wp-content\/uploads\/2014\/09\/20140907_055639_0002_pfz200-300x225.jpg 300w, https:\/\/kergroixnoble.fr\/blog\/wp-content\/uploads\/2014\/09\/20140907_055639_0002_pfz200.jpg 550w\" sizes=\"(max-width: 300px) 100vw, 300px\" \/><\/a>Suite \u00e0 notre petit manque de natation \u00e0 Mendoza, nous refaisons la tourn\u00e9e des lacs sympathiques entourant Grenoble. Apr\u00e8s <a href=\"https:\/\/fr.wikipedia.org\/wiki\/Lac_de_Paladru\">Paladru<\/a> le 24 ao\u00fbt, voici <a href=\"https:\/\/fr.wikipedia.org\/wiki\/Lac_de_P%C3%A9tichet\">P\u00e9tichet<\/a> le 7 septembre. Avec le lac de Laffrey au nord et celui de Pierre-Ch\u00e2tel au sud, le plateau matheysin a trois lac tr\u00e8s diff\u00e9rent cote \u00e0 cote. La RN85 reliant Gap \u00e0 Grenoble, plus connu sous le nom de <a title=\"Route nationale 85 (France)\" href=\"https:\/\/fr.wikipedia.org\/wiki\/Route_nationale_85_%28France%29\">route Napol\u00e9on<\/a>, les longe par l&rsquo;ouest.<\/p>\n<p>Si vous passez par l\u00e0, cela vaut le coup de se rafra\u00eechir un instant dans l&rsquo;eau du lac. Il vaut mieux cependant \u00e9viter l&rsquo;hiver et le printemps car \u00e0 923m d&rsquo;altitude, l&rsquo;eau n&rsquo;est pas sp\u00e9cialement engageante \u00e0 ces saisons l\u00e0 !<\/p>\n<p>Pour les curieux, le beau sommet en arri\u00e8re plan est l&rsquo;<a href=\"https:\/\/fr.wikipedia.org\/wiki\/Grande_T%C3%AAte_de_l%27Obiou\">Obiou<\/a> qui culmine \u00e0 <span class=\"nowrap\">2\u00a0789<\/span>m.<\/p>\n","protected":false},"excerpt":{"rendered":"<p>Suite \u00e0 notre petit manque de natation \u00e0 Mendoza, nous refaisons la tourn\u00e9e des lacs sympathiques entourant Grenoble. Apr\u00e8s Paladru le 24 ao\u00fbt, voici P\u00e9tichet le 7 septembre. Avec le lac de Laffrey au nord et celui de Pierre-Ch\u00e2tel au &hellip; <a href=\"https:\/\/kergroixnoble.fr\/blog\/2014\/monter-pour-mieux-couler\/\">Continuer la lecture <span class=\"meta-nav\">&rarr;<\/span><\/a><\/p>\n","protected":false},"author":4,"featured_media":0,"comment_status":"open","ping_status":"open","sticky":false,"template":"","format":"standard","meta":{"footnotes":""},"categories":[1],"tags":[],"class_list":["post-2088","post","type-post","status-publish","format-standard","hentry","category-uncategorized"],"_links":{"self":[{"href":"https:\/\/kergroixnoble.fr\/blog\/wp-json\/wp\/v2\/posts\/2088"}],"collection":[{"href":"https:\/\/kergroixnoble.fr\/blog\/wp-json\/wp\/v2\/posts"}],"about":[{"href":"https:\/\/kergroixnoble.fr\/blog\/wp-json\/wp\/v2\/types\/post"}],"author":[{"embeddable":true,"href":"https:\/\/kergroixnoble.fr\/blog\/wp-json\/wp\/v2\/users\/4"}],"replies":[{"embeddable":true,"href":"https:\/\/kergroixnoble.fr\/blog\/wp-json\/wp\/v2\/comments?post=2088"}],"version-history":[{"count":3,"href":"https:\/\/kergroixnoble.fr\/blog\/wp-json\/wp\/v2\/posts\/2088\/revisions"}],"predecessor-version":[{"id":2092,"href":"https:\/\/kergroixnoble.fr\/blog\/wp-json\/wp\/v2\/posts\/2088\/revisions\/2092"}],"wp:attachment":[{"href":"https:\/\/kergroixnoble.fr\/blog\/wp-json\/wp\/v2\/media?parent=2088"}],"wp:term":[{"taxonomy":"category","embeddable":true,"href":"https:\/\/kergroixnoble.fr\/blog\/wp-json\/wp\/v2\/categories?post=2088"},{"taxonomy":"post_tag","embeddable":true,"href":"https:\/\/kergroixnoble.fr\/blog\/wp-json\/wp\/v2\/tags?post=2088"}],"curies":[{"name":"wp","href":"https:\/\/api.w.org\/{rel}","templated":true}]}}