{"id":2093,"date":"2014-09-21T19:27:30","date_gmt":"2014-09-21T17:27:30","guid":{"rendered":"http:\/\/kergroixnoble.fr\/blog\/?p=2093"},"modified":"2014-09-21T21:56:40","modified_gmt":"2014-09-21T19:56:40","slug":"le-paraguay-vu-du-ciel","status":"publish","type":"post","link":"https:\/\/kergroixnoble.fr\/blog\/2014\/le-paraguay-vu-du-ciel\/","title":{"rendered":"Le Paraguay vu du ciel"},"content":{"rendered":"<p><a href=\"https:\/\/kergroixnoble.fr\/blog\/wp-content\/uploads\/2014\/09\/20140603_114857_0588_pfz200.jpg\"><img loading=\"lazy\" decoding=\"async\" class=\"alignleft size-medium wp-image-2094\" src=\"https:\/\/kergroixnoble.fr\/blog\/wp-content\/uploads\/2014\/09\/20140603_114857_0588_pfz200-300x225.jpg\" alt=\"20140603_114857_0588_pfz200\" width=\"300\" height=\"225\" srcset=\"https:\/\/kergroixnoble.fr\/blog\/wp-content\/uploads\/2014\/09\/20140603_114857_0588_pfz200-300x225.jpg 300w, https:\/\/kergroixnoble.fr\/blog\/wp-content\/uploads\/2014\/09\/20140603_114857_0588_pfz200.jpg 550w\" sizes=\"(max-width: 300px) 100vw, 300px\" \/><\/a>Nous avons \u00e9t\u00e9 au <a href=\"https:\/\/fr.wikipedia.org\/wiki\/Paraguay\">Paraguay<\/a> lorsque nous avons visit\u00e9 le barrage hydro\u00e9lectrique d&rsquo;<a href=\"https:\/\/fr.wikipedia.org\/wiki\/Barrage_d%27Itaipu\">Itaipu<\/a>. Cependant, au niveau du barrage, c&rsquo;est une zone bi-nationale plus ou moins (plut\u00f4t plus que moins) sous contr\u00f4le br\u00e9silien.<\/p>\n<p>Par ailleurs, la ligne a\u00e9rienne <a href=\"https:\/\/fr.wikipedia.org\/wiki\/Salta\">Salta<\/a> &#8211; <a href=\"https:\/\/fr.wikipedia.org\/wiki\/Puerto_Iguaz%C3%BA\">Iguaz\u00fa<\/a> passe dans l&rsquo;espace a\u00e9rien paraguayen. L&rsquo;\u00e9viter obligerait \u00e0 un sacr\u00e9 d\u00e9tour au sud et l\u00e9viter aussi ! A l&rsquo;aller, il faisait nuit et nous n&rsquo;avons vu que des lumi\u00e8res \u00e9parses ainsi des petites villes \u00e9clair\u00e9es. Au retour, nous nous sommes rinc\u00e9 l\u2019\u0153il ce qui nous a permit de voir le centre du pays et le lac de la <a href=\"https:\/\/es.wikipedia.org\/wiki\/Central_Hidroel%C3%A9ctrica_Yguaz%C3%BA\">Represa del Yguaz\u00fa<\/a>. Ce lac est situ\u00e9 sur le rio <a href=\"https:\/\/es.wikipedia.org\/wiki\/R%C3%ADo_Yguasu\">Yguasu<\/a> au Paraguay qu&rsquo;il ne faut pas confondre avec le rio <a href=\"https:\/\/es.wikipedia.org\/wiki\/R%C3%ADo_Iguaz%C3%BA\">Iguaz<span dir=\"auto\">\u00fa <\/span><\/a><span dir=\"auto\">marquant<\/span> la fronti\u00e8re entre le Br\u00e9sil et l&rsquo;Argentine, et situ\u00e9 \u00e0 seulement quelques kilom\u00e8tres&#8230; Si vous allez sur <a href=\"https:\/\/maps.google.fr\/?ll=-25.307252,-55.250931&amp;spn=0.101958,0.209255&amp;t=h&amp;z=13\">Google map<\/a>, c&rsquo;est exactement le m\u00eame genre de paysage. Je ne suis pas sur que du plancher des vaches, le paysage soit aussi jolie mais vu du ciel, ce lac est assez magnifique. Nous n&rsquo;en avons pas vu d&rsquo;autres du m\u00eame type mais le bonheur d&rsquo;en voir un est d\u00e9j\u00e0 un plaisir suffisant.<\/p>\n","protected":false},"excerpt":{"rendered":"<p>Nous avons \u00e9t\u00e9 au Paraguay lorsque nous avons visit\u00e9 le barrage hydro\u00e9lectrique d&rsquo;Itaipu. Cependant, au niveau du barrage, c&rsquo;est une zone bi-nationale plus ou moins (plut\u00f4t plus que moins) sous contr\u00f4le br\u00e9silien. Par ailleurs, la ligne a\u00e9rienne Salta &#8211; Iguaz\u00fa &hellip; <a href=\"https:\/\/kergroixnoble.fr\/blog\/2014\/le-paraguay-vu-du-ciel\/\">Continuer la lecture <span class=\"meta-nav\">&rarr;<\/span><\/a><\/p>\n","protected":false},"author":4,"featured_media":0,"comment_status":"open","ping_status":"open","sticky":false,"template":"","format":"standard","meta":{"footnotes":""},"categories":[1],"tags":[],"class_list":["post-2093","post","type-post","status-publish","format-standard","hentry","category-uncategorized"],"_links":{"self":[{"href":"https:\/\/kergroixnoble.fr\/blog\/wp-json\/wp\/v2\/posts\/2093"}],"collection":[{"href":"https:\/\/kergroixnoble.fr\/blog\/wp-json\/wp\/v2\/posts"}],"about":[{"href":"https:\/\/kergroixnoble.fr\/blog\/wp-json\/wp\/v2\/types\/post"}],"author":[{"embeddable":true,"href":"https:\/\/kergroixnoble.fr\/blog\/wp-json\/wp\/v2\/users\/4"}],"replies":[{"embeddable":true,"href":"https:\/\/kergroixnoble.fr\/blog\/wp-json\/wp\/v2\/comments?post=2093"}],"version-history":[{"count":3,"href":"https:\/\/kergroixnoble.fr\/blog\/wp-json\/wp\/v2\/posts\/2093\/revisions"}],"predecessor-version":[{"id":2098,"href":"https:\/\/kergroixnoble.fr\/blog\/wp-json\/wp\/v2\/posts\/2093\/revisions\/2098"}],"wp:attachment":[{"href":"https:\/\/kergroixnoble.fr\/blog\/wp-json\/wp\/v2\/media?parent=2093"}],"wp:term":[{"taxonomy":"category","embeddable":true,"href":"https:\/\/kergroixnoble.fr\/blog\/wp-json\/wp\/v2\/categories?post=2093"},{"taxonomy":"post_tag","embeddable":true,"href":"https:\/\/kergroixnoble.fr\/blog\/wp-json\/wp\/v2\/tags?post=2093"}],"curies":[{"name":"wp","href":"https:\/\/api.w.org\/{rel}","templated":true}]}}