{"id":2123,"date":"2014-10-14T12:49:46","date_gmt":"2014-10-14T10:49:46","guid":{"rendered":"http:\/\/kergroixnoble.fr\/blog\/?p=2123"},"modified":"2014-10-13T22:01:24","modified_gmt":"2014-10-13T20:01:24","slug":"le-calme-avant-la-tempete","status":"publish","type":"post","link":"https:\/\/kergroixnoble.fr\/blog\/2014\/le-calme-avant-la-tempete\/","title":{"rendered":"Le calme avant la temp\u00eate"},"content":{"rendered":"<p><a href=\"https:\/\/kergroixnoble.fr\/blog\/wp-content\/uploads\/2014\/10\/20140927_050220_0035_pfz200.jpg\"><img loading=\"lazy\" decoding=\"async\" class=\"alignleft size-medium wp-image-2125\" src=\"https:\/\/kergroixnoble.fr\/blog\/wp-content\/uploads\/2014\/10\/20140927_050220_0035_pfz200-300x225.jpg\" alt=\"20140927_050220_0035_pfz200\" width=\"300\" height=\"225\" srcset=\"https:\/\/kergroixnoble.fr\/blog\/wp-content\/uploads\/2014\/10\/20140927_050220_0035_pfz200-300x225.jpg 300w, https:\/\/kergroixnoble.fr\/blog\/wp-content\/uploads\/2014\/10\/20140927_050220_0035_pfz200.jpg 550w\" sizes=\"(max-width: 300px) 100vw, 300px\" \/><\/a>Samedi 27 septembre, c&rsquo;est la f\u00eate aux <a href=\"https:\/\/fr.wikipedia.org\/wiki\/Cerf-volant\">cerfs-volants<\/a> sur la plage de <a href=\"https:\/\/fr.wikipedia.org\/wiki\/Palavas-les-Flots\">Palavas-les-flots<\/a>, aussi plage de <a href=\"https:\/\/fr.wikipedia.org\/wiki\/Montpellier\">Montpellier<\/a> vu la proximit\u00e9&#8230; D&rsquo;ailleurs, la petite ville de 6000 habitants n&rsquo;est qu&rsquo;\u00e0 6 km du centre ville, une personne par m\u00e8tre !<\/p>\n<p>En ce samedi matin, nous n&rsquo;\u00e9tions que de passage histoire de faire un plouf et de se saler la peau avant une f\u00eate de famille ! Cependant, nous avons du marcher un peu car un bonne partie de la plage \u00e9tait r\u00e9serv\u00e9 pour une f\u00eate du cerf-volant, un peu de toutes les couleurs, un peu de toutes les formes mais sans vent, quasi la <a href=\"https:\/\/fr.wiktionary.org\/wiki\/p%C3%A9tole\">p\u00e9tole<\/a>, le tout avait le plus grand mal \u00e0 d\u00e9coller&#8230;<a href=\"https:\/\/kergroixnoble.fr\/blog\/wp-content\/uploads\/2014\/10\/20140927_045008_0025_pfz200.jpg\"><img loading=\"lazy\" decoding=\"async\" class=\"alignright size-medium wp-image-2126\" src=\"https:\/\/kergroixnoble.fr\/blog\/wp-content\/uploads\/2014\/10\/20140927_045008_0025_pfz200-300x225.jpg\" alt=\"20140927_045008_0025_pfz200\" width=\"300\" height=\"225\" srcset=\"https:\/\/kergroixnoble.fr\/blog\/wp-content\/uploads\/2014\/10\/20140927_045008_0025_pfz200-300x225.jpg 300w, https:\/\/kergroixnoble.fr\/blog\/wp-content\/uploads\/2014\/10\/20140927_045008_0025_pfz200.jpg 550w\" sizes=\"(max-width: 300px) 100vw, 300px\" \/><\/a><\/p>\n<p>On ne doute pas que le vent a du finir par se lever vers midi mais nous \u00e9tions alors d\u00e9j\u00e0 sur la route. Impossible \u00e0 v\u00e9rifier. Mais au vu du vent et des orages le dimanche soir et des pluies torrentielles du lundi, il \u00e9tait peut \u00eatre raisonnable de limiter la f\u00eate au seul samedi.<\/p>\n","protected":false},"excerpt":{"rendered":"<p>Samedi 27 septembre, c&rsquo;est la f\u00eate aux cerfs-volants sur la plage de Palavas-les-flots, aussi plage de Montpellier vu la proximit\u00e9&#8230; D&rsquo;ailleurs, la petite ville de 6000 habitants n&rsquo;est qu&rsquo;\u00e0 6 km du centre ville, une personne par m\u00e8tre ! En &hellip; <a href=\"https:\/\/kergroixnoble.fr\/blog\/2014\/le-calme-avant-la-tempete\/\">Continuer la lecture <span class=\"meta-nav\">&rarr;<\/span><\/a><\/p>\n","protected":false},"author":4,"featured_media":0,"comment_status":"open","ping_status":"open","sticky":false,"template":"","format":"standard","meta":{"footnotes":""},"categories":[1],"tags":[],"class_list":["post-2123","post","type-post","status-publish","format-standard","hentry","category-uncategorized"],"_links":{"self":[{"href":"https:\/\/kergroixnoble.fr\/blog\/wp-json\/wp\/v2\/posts\/2123"}],"collection":[{"href":"https:\/\/kergroixnoble.fr\/blog\/wp-json\/wp\/v2\/posts"}],"about":[{"href":"https:\/\/kergroixnoble.fr\/blog\/wp-json\/wp\/v2\/types\/post"}],"author":[{"embeddable":true,"href":"https:\/\/kergroixnoble.fr\/blog\/wp-json\/wp\/v2\/users\/4"}],"replies":[{"embeddable":true,"href":"https:\/\/kergroixnoble.fr\/blog\/wp-json\/wp\/v2\/comments?post=2123"}],"version-history":[{"count":4,"href":"https:\/\/kergroixnoble.fr\/blog\/wp-json\/wp\/v2\/posts\/2123\/revisions"}],"predecessor-version":[{"id":2128,"href":"https:\/\/kergroixnoble.fr\/blog\/wp-json\/wp\/v2\/posts\/2123\/revisions\/2128"}],"wp:attachment":[{"href":"https:\/\/kergroixnoble.fr\/blog\/wp-json\/wp\/v2\/media?parent=2123"}],"wp:term":[{"taxonomy":"category","embeddable":true,"href":"https:\/\/kergroixnoble.fr\/blog\/wp-json\/wp\/v2\/categories?post=2123"},{"taxonomy":"post_tag","embeddable":true,"href":"https:\/\/kergroixnoble.fr\/blog\/wp-json\/wp\/v2\/tags?post=2123"}],"curies":[{"name":"wp","href":"https:\/\/api.w.org\/{rel}","templated":true}]}}