{"id":2134,"date":"2014-10-28T12:34:44","date_gmt":"2014-10-28T11:34:44","guid":{"rendered":"http:\/\/kergroixnoble.fr\/blog\/?p=2134"},"modified":"2014-10-23T22:35:17","modified_gmt":"2014-10-23T20:35:17","slug":"cul-de-sac-au-mont-aiguille","status":"publish","type":"post","link":"https:\/\/kergroixnoble.fr\/blog\/2014\/cul-de-sac-au-mont-aiguille\/","title":{"rendered":"Cul-de-sac au mont Aiguille"},"content":{"rendered":"<p><a href=\"https:\/\/kergroixnoble.fr\/blog\/wp-content\/uploads\/2014\/10\/20141005_122850_0154_pfz200.jpg\"><img loading=\"lazy\" decoding=\"async\" class=\"alignleft size-medium wp-image-2135\" src=\"https:\/\/kergroixnoble.fr\/blog\/wp-content\/uploads\/2014\/10\/20141005_122850_0154_pfz200-300x225.jpg\" alt=\"20141005_122850_0154_pfz200\" width=\"300\" height=\"225\" srcset=\"https:\/\/kergroixnoble.fr\/blog\/wp-content\/uploads\/2014\/10\/20141005_122850_0154_pfz200-300x225.jpg 300w, https:\/\/kergroixnoble.fr\/blog\/wp-content\/uploads\/2014\/10\/20141005_122850_0154_pfz200.jpg 550w\" sizes=\"(max-width: 300px) 100vw, 300px\" \/><\/a>En cette p\u00e9riode de forte pluie, il ne fait peut \u00eatre pas tr\u00e8s bon d&rsquo;aller bivouaquer au pied du <a href=\"https:\/\/fr.wikipedia.org\/wiki\/Mont_Aiguille\">mont Aiguille<\/a>&#8230; Il ne me semble pas l&rsquo;avoir vu dans cet \u00e9tat depuis longtemps. La photographie est prise le dimanche 5 octobre en roulant sur le RD1075 (ex <a href=\"https:\/\/fr.wikipedia.org\/wiki\/Route_nationale_75_%28France%29\">RN75 <\/a>d\u00e9class\u00e9 en 2006) aux environs de <a href=\"https:\/\/fr.wikipedia.org\/wiki\/Clelles\">Clelles<\/a>.<\/p>\n<p>On voit bien (certes, la photo en mod\u00e8le r\u00e9duit n&rsquo;arrange rien \u00e0 la chose) que le pilier Est est tr\u00e8s ab\u00eem\u00e9 avec une raie marron du haut en bas et que deux couloirs de part en part de l&rsquo;ar\u00eate sont dans la gadoue&#8230;<\/p>\n<p>Heureusement, il reste un gros morceaux sur pied et la voie normale n&rsquo;est pas du tout dans cette zone l\u00e0 !<\/p>\n","protected":false},"excerpt":{"rendered":"<p>En cette p\u00e9riode de forte pluie, il ne fait peut \u00eatre pas tr\u00e8s bon d&rsquo;aller bivouaquer au pied du mont Aiguille&#8230; Il ne me semble pas l&rsquo;avoir vu dans cet \u00e9tat depuis longtemps. La photographie est prise le dimanche 5 &hellip; <a href=\"https:\/\/kergroixnoble.fr\/blog\/2014\/cul-de-sac-au-mont-aiguille\/\">Continuer la lecture <span class=\"meta-nav\">&rarr;<\/span><\/a><\/p>\n","protected":false},"author":4,"featured_media":0,"comment_status":"open","ping_status":"open","sticky":false,"template":"","format":"standard","meta":{"footnotes":""},"categories":[1],"tags":[],"class_list":["post-2134","post","type-post","status-publish","format-standard","hentry","category-uncategorized"],"_links":{"self":[{"href":"https:\/\/kergroixnoble.fr\/blog\/wp-json\/wp\/v2\/posts\/2134"}],"collection":[{"href":"https:\/\/kergroixnoble.fr\/blog\/wp-json\/wp\/v2\/posts"}],"about":[{"href":"https:\/\/kergroixnoble.fr\/blog\/wp-json\/wp\/v2\/types\/post"}],"author":[{"embeddable":true,"href":"https:\/\/kergroixnoble.fr\/blog\/wp-json\/wp\/v2\/users\/4"}],"replies":[{"embeddable":true,"href":"https:\/\/kergroixnoble.fr\/blog\/wp-json\/wp\/v2\/comments?post=2134"}],"version-history":[{"count":4,"href":"https:\/\/kergroixnoble.fr\/blog\/wp-json\/wp\/v2\/posts\/2134\/revisions"}],"predecessor-version":[{"id":2139,"href":"https:\/\/kergroixnoble.fr\/blog\/wp-json\/wp\/v2\/posts\/2134\/revisions\/2139"}],"wp:attachment":[{"href":"https:\/\/kergroixnoble.fr\/blog\/wp-json\/wp\/v2\/media?parent=2134"}],"wp:term":[{"taxonomy":"category","embeddable":true,"href":"https:\/\/kergroixnoble.fr\/blog\/wp-json\/wp\/v2\/categories?post=2134"},{"taxonomy":"post_tag","embeddable":true,"href":"https:\/\/kergroixnoble.fr\/blog\/wp-json\/wp\/v2\/tags?post=2134"}],"curies":[{"name":"wp","href":"https:\/\/api.w.org\/{rel}","templated":true}]}}