{"id":2167,"date":"2014-10-22T12:18:12","date_gmt":"2014-10-22T10:18:12","guid":{"rendered":"http:\/\/kergroixnoble.fr\/blog\/?p=2167"},"modified":"2014-10-20T22:20:28","modified_gmt":"2014-10-20T20:20:28","slug":"un-satellite-argentin-en-orbite","status":"publish","type":"post","link":"https:\/\/kergroixnoble.fr\/blog\/2014\/un-satellite-argentin-en-orbite\/","title":{"rendered":"Un satellite Argentin en orbite"},"content":{"rendered":"<p><a href=\"https:\/\/kergroixnoble.fr\/blog\/wp-content\/uploads\/2014\/10\/20140502_181311_0288_pfz200.jpg\"><img loading=\"lazy\" decoding=\"async\" class=\"alignleft size-medium wp-image-2169\" src=\"https:\/\/kergroixnoble.fr\/blog\/wp-content\/uploads\/2014\/10\/20140502_181311_0288_pfz200-300x225.jpg\" alt=\"20140502_181311_0288_pfz200\" width=\"300\" height=\"225\" srcset=\"https:\/\/kergroixnoble.fr\/blog\/wp-content\/uploads\/2014\/10\/20140502_181311_0288_pfz200-300x225.jpg 300w, https:\/\/kergroixnoble.fr\/blog\/wp-content\/uploads\/2014\/10\/20140502_181311_0288_pfz200.jpg 550w\" sizes=\"(max-width: 300px) 100vw, 300px\" \/><\/a>L&rsquo;argentine est rentr\u00e9e dans le club tr\u00e8s ferm\u00e9 (8 places \u00e0 ce jour) des pays ayant construit leur propre satellite de communication : <em><a href=\"https:\/\/es.wikipedia.org\/wiki\/ARSAT-1\">ArSat-1<\/a><\/em>. N&rsquo;ayant pas de fus\u00e9e, celui-ci a \u00e9t\u00e9 lanc\u00e9 depuis <a href=\"https:\/\/fr.wikipedia.org\/wiki\/Kourou\">Kourou<\/a> en Guyane par la fus\u00e9e europ\u00e9enne <a href=\"https:\/\/fr.wikipedia.org\/wiki\/Ariane_5\">Ariane 5<\/a> le jeudi 16 octobre.<\/p>\n<p>On rappelle que le suivis des satellites et des fus\u00e9es de l&rsquo;<a href=\"http:\/\/fr.wikipedia.org\/wiki\/Agence_spatiale_europ%C3%A9enne\">ESA<\/a> se fait partiellement depuis le centre de <a href=\"http:\/\/fr.wikipedia.org\/wiki\/Malarg%C3%BCe\">Malarg\u00fce<\/a> situ\u00e9 dans le sud de la province de <a href=\"https:\/\/fr.wikipedia.org\/wiki\/Province_de_Mendoza\">Mendoza<\/a>.<\/p>\n<p>Le satellite, une fois op\u00e9rationnel,<span id=\"result_box\" class=\"\" lang=\"fr\"><span class=\"hps\"> permettra la<\/span><span class=\"hps\"> transmission<\/span> <span class=\"hps\">de donn\u00e9es<\/span><span class=\"\"> et de la t\u00e9l\u00e9phonie ainsi<\/span> que la diffusion<span class=\"hps\"> de la t\u00e9l\u00e9vision<\/span> <span class=\"hps\">\u00e0 travers<\/span> <span class=\"hps\">toute l&rsquo;Argentine<\/span>, le Chili, l&rsquo;Uruguay <span class=\"hps\">et le Paraguay<\/span>&#8230; C&rsquo;est donc un projet touchant une grande partie de l\u2019Am\u00e9rique du sud.<\/span><\/p>\n<p>Il est possible de revoir le d\u00e9collage sur le site du <a href=\"http:\/\/www.lemonde.fr\/ameriques\/video\/2014\/10\/17\/pour-la-premiere-fois-de-son-histoire-l-argentine-place-un-satellite-en-orbite_4507917_3222.html\">monde<\/a>. On remarque, comme lors du d\u00e9collage de la fus\u00e9e <a title=\"Vega 3 sur orbite\" href=\"https:\/\/kergroixnoble.fr\/blog\/2014\/vega-3-sur-orbite\/\">Vega<\/a>, que toute la p\u00e9riode du d\u00e9collage est pilot\u00e9 en fran\u00e7ais. C&rsquo;est le premier d&rsquo;une s\u00e9rie. Si tout va bien, on devrait voir dans les ann\u00e9es qui viennent un <em>ArSat-2<\/em> puis un <em>ArSat-3<\/em> !<\/p>\n<p>&nbsp;<\/p>\n","protected":false},"excerpt":{"rendered":"<p>L&rsquo;argentine est rentr\u00e9e dans le club tr\u00e8s ferm\u00e9 (8 places \u00e0 ce jour) des pays ayant construit leur propre satellite de communication : ArSat-1. N&rsquo;ayant pas de fus\u00e9e, celui-ci a \u00e9t\u00e9 lanc\u00e9 depuis Kourou en Guyane par la fus\u00e9e europ\u00e9enne &hellip; <a href=\"https:\/\/kergroixnoble.fr\/blog\/2014\/un-satellite-argentin-en-orbite\/\">Continuer la lecture <span class=\"meta-nav\">&rarr;<\/span><\/a><\/p>\n","protected":false},"author":4,"featured_media":0,"comment_status":"open","ping_status":"open","sticky":false,"template":"","format":"standard","meta":{"footnotes":""},"categories":[1],"tags":[],"class_list":["post-2167","post","type-post","status-publish","format-standard","hentry","category-uncategorized"],"_links":{"self":[{"href":"https:\/\/kergroixnoble.fr\/blog\/wp-json\/wp\/v2\/posts\/2167"}],"collection":[{"href":"https:\/\/kergroixnoble.fr\/blog\/wp-json\/wp\/v2\/posts"}],"about":[{"href":"https:\/\/kergroixnoble.fr\/blog\/wp-json\/wp\/v2\/types\/post"}],"author":[{"embeddable":true,"href":"https:\/\/kergroixnoble.fr\/blog\/wp-json\/wp\/v2\/users\/4"}],"replies":[{"embeddable":true,"href":"https:\/\/kergroixnoble.fr\/blog\/wp-json\/wp\/v2\/comments?post=2167"}],"version-history":[{"count":3,"href":"https:\/\/kergroixnoble.fr\/blog\/wp-json\/wp\/v2\/posts\/2167\/revisions"}],"predecessor-version":[{"id":2172,"href":"https:\/\/kergroixnoble.fr\/blog\/wp-json\/wp\/v2\/posts\/2167\/revisions\/2172"}],"wp:attachment":[{"href":"https:\/\/kergroixnoble.fr\/blog\/wp-json\/wp\/v2\/media?parent=2167"}],"wp:term":[{"taxonomy":"category","embeddable":true,"href":"https:\/\/kergroixnoble.fr\/blog\/wp-json\/wp\/v2\/categories?post=2167"},{"taxonomy":"post_tag","embeddable":true,"href":"https:\/\/kergroixnoble.fr\/blog\/wp-json\/wp\/v2\/tags?post=2167"}],"curies":[{"name":"wp","href":"https:\/\/api.w.org\/{rel}","templated":true}]}}