{"id":2187,"date":"2014-10-24T12:34:06","date_gmt":"2014-10-24T10:34:06","guid":{"rendered":"http:\/\/kergroixnoble.fr\/blog\/?p=2187"},"modified":"2014-10-24T08:51:37","modified_gmt":"2014-10-24T06:51:37","slug":"un-petit-coup-de-peinture-blanche","status":"publish","type":"post","link":"https:\/\/kergroixnoble.fr\/blog\/2014\/un-petit-coup-de-peinture-blanche\/","title":{"rendered":"Un petit coup de peinture blanche"},"content":{"rendered":"<p><a href=\"https:\/\/kergroixnoble.fr\/blog\/wp-content\/uploads\/2014\/10\/20141022_133044_0032_pfz200.jpg\"><img loading=\"lazy\" decoding=\"async\" class=\"alignleft size-medium wp-image-2188\" src=\"https:\/\/kergroixnoble.fr\/blog\/wp-content\/uploads\/2014\/10\/20141022_133044_0032_pfz200-300x225.jpg\" alt=\"20141022_133044_0032_pfz200\" width=\"300\" height=\"225\" srcset=\"https:\/\/kergroixnoble.fr\/blog\/wp-content\/uploads\/2014\/10\/20141022_133044_0032_pfz200-300x225.jpg 300w, https:\/\/kergroixnoble.fr\/blog\/wp-content\/uploads\/2014\/10\/20141022_133044_0032_pfz200.jpg 550w\" sizes=\"(max-width: 300px) 100vw, 300px\" \/><\/a>Le p\u00e8re No\u00ebl est-il press\u00e9 de faire sa tourn\u00e9e ? C&rsquo;est une question que l&rsquo;on peut se poser m\u00eame si chaque ann\u00e9e, et ce n&rsquo;est pas la premi\u00e8re fois depuis d\u00e9but septembre, les Alpes rev\u00eatent leurs habits d&rsquo;hiver.<\/p>\n<p>Suite \u00e0 un petit coup de froid et un zeste d&rsquo;humidit\u00e9, tout \u00e9tait blanc ce mercredi 22 octobre au soir apr\u00e8s une matin\u00e9e bien noire&#8230;<\/p>\n<p>La limite pluie neige est alors vers 1500m ainsi qu&rsquo;il est possible de le voir sur le <a href=\"https:\/\/fr.wikipedia.org\/wiki\/Cha%C3%AEne_de_Belledonne\">Grand Colon<\/a>. Cela correspond quasiment \u00e0 ce qui avait \u00e9t\u00e9 annonc\u00e9 par les pr\u00e9visions m\u00e9t\u00e9orologiques. <a href=\"https:\/\/kergroixnoble.fr\/blog\/wp-content\/uploads\/2014\/10\/20141022_133109_0033_pfz200.jpg\"><img loading=\"lazy\" decoding=\"async\" class=\"alignright size-medium wp-image-2189\" src=\"https:\/\/kergroixnoble.fr\/blog\/wp-content\/uploads\/2014\/10\/20141022_133109_0033_pfz200-300x225.jpg\" alt=\"20141022_133109_0033_pfz200\" width=\"300\" height=\"225\" srcset=\"https:\/\/kergroixnoble.fr\/blog\/wp-content\/uploads\/2014\/10\/20141022_133109_0033_pfz200-300x225.jpg 300w, https:\/\/kergroixnoble.fr\/blog\/wp-content\/uploads\/2014\/10\/20141022_133109_0033_pfz200.jpg 550w\" sizes=\"(max-width: 300px) 100vw, 300px\" \/><\/a>Le soir, le ciel s&rsquo;est petit \u00e0 petit enti\u00e8rement d\u00e9gag\u00e9 ce qui \u00e0 permit de profiter d&rsquo;un superbe couch\u00e9 de soleil.<\/p>\n<p>Au petit matin, apr\u00e8s une nuit claire et un petit vent du nord, le trajet en bicyclette pour aller travailler avait un l\u00e9ger go\u00fbt hivernal. Mais la neige, du cot\u00e9 du massif de la Chartreuse, n&rsquo;a pas r\u00e9sist\u00e9 au soleil de la journ\u00e9e et la <a href=\"https:\/\/fr.wikipedia.org\/wiki\/Dent_de_Crolles\">Dent de Crolles<\/a> \u00e9tait, moins de 24h apr\u00e8s la temp\u00eate, redevenue verte et rocheuse !<\/p>\n","protected":false},"excerpt":{"rendered":"<p>Le p\u00e8re No\u00ebl est-il press\u00e9 de faire sa tourn\u00e9e ? C&rsquo;est une question que l&rsquo;on peut se poser m\u00eame si chaque ann\u00e9e, et ce n&rsquo;est pas la premi\u00e8re fois depuis d\u00e9but septembre, les Alpes rev\u00eatent leurs habits d&rsquo;hiver. Suite \u00e0 &hellip; <a href=\"https:\/\/kergroixnoble.fr\/blog\/2014\/un-petit-coup-de-peinture-blanche\/\">Continuer la lecture <span class=\"meta-nav\">&rarr;<\/span><\/a><\/p>\n","protected":false},"author":4,"featured_media":0,"comment_status":"open","ping_status":"open","sticky":false,"template":"","format":"standard","meta":{"footnotes":""},"categories":[1],"tags":[],"class_list":["post-2187","post","type-post","status-publish","format-standard","hentry","category-uncategorized"],"_links":{"self":[{"href":"https:\/\/kergroixnoble.fr\/blog\/wp-json\/wp\/v2\/posts\/2187"}],"collection":[{"href":"https:\/\/kergroixnoble.fr\/blog\/wp-json\/wp\/v2\/posts"}],"about":[{"href":"https:\/\/kergroixnoble.fr\/blog\/wp-json\/wp\/v2\/types\/post"}],"author":[{"embeddable":true,"href":"https:\/\/kergroixnoble.fr\/blog\/wp-json\/wp\/v2\/users\/4"}],"replies":[{"embeddable":true,"href":"https:\/\/kergroixnoble.fr\/blog\/wp-json\/wp\/v2\/comments?post=2187"}],"version-history":[{"count":5,"href":"https:\/\/kergroixnoble.fr\/blog\/wp-json\/wp\/v2\/posts\/2187\/revisions"}],"predecessor-version":[{"id":2197,"href":"https:\/\/kergroixnoble.fr\/blog\/wp-json\/wp\/v2\/posts\/2187\/revisions\/2197"}],"wp:attachment":[{"href":"https:\/\/kergroixnoble.fr\/blog\/wp-json\/wp\/v2\/media?parent=2187"}],"wp:term":[{"taxonomy":"category","embeddable":true,"href":"https:\/\/kergroixnoble.fr\/blog\/wp-json\/wp\/v2\/categories?post=2187"},{"taxonomy":"post_tag","embeddable":true,"href":"https:\/\/kergroixnoble.fr\/blog\/wp-json\/wp\/v2\/tags?post=2187"}],"curies":[{"name":"wp","href":"https:\/\/api.w.org\/{rel}","templated":true}]}}