{"id":4499,"date":"2017-06-30T15:23:04","date_gmt":"2017-06-30T13:23:04","guid":{"rendered":"http:\/\/kergroixnoble.fr\/blog\/?p=4499"},"modified":"2020-02-10T21:37:30","modified_gmt":"2020-02-10T20:37:30","slug":"chinchikuma","status":"publish","type":"post","link":"https:\/\/kergroixnoble.fr\/blog\/2017\/chinchikuma\/","title":{"rendered":"Chinchikuma"},"content":{"rendered":"<p><a href=\"https:\/\/kergroixnoble.fr\/blog\/wp-content\/uploads\/2017\/06\/Perou97-C-003.jpg\"><img loading=\"lazy\" decoding=\"async\" class=\"alignleft size-medium wp-image-4502\" src=\"https:\/\/kergroixnoble.fr\/blog\/wp-content\/uploads\/2017\/06\/Perou97-C-003-300x199.jpg\" alt=\"\" width=\"300\" height=\"199\" srcset=\"https:\/\/kergroixnoble.fr\/blog\/wp-content\/uploads\/2017\/06\/Perou97-C-003-300x199.jpg 300w, https:\/\/kergroixnoble.fr\/blog\/wp-content\/uploads\/2017\/06\/Perou97-C-003.jpg 550w\" sizes=\"(max-width: 300px) 100vw, 300px\" \/><\/a>Il se pourrait que cette photographie ait \u00e9t\u00e9 prise au lieu dit <em>Chinchikuma<\/em> (ou peut \u00eatre sur la cr\u00eate pr\u00e9c\u00e9dente \u00e0 quelques centaines de m\u00e8tres). Cependant, en se plongeant dans les cartes sur le web, il est possible de trouver quelques images de ce lieu l\u00e0 et ce n&rsquo;est pas tr\u00e8s ressemblant ! Certes notre photographie a 20 ans mais il y a quelques probl\u00e8mes de relief, d&rsquo;arbres ainsi que d&#8217;emplacement des cabanes qui ne sont plus du m\u00eame cot\u00e9&#8230;<em><br \/>\n<\/em><\/p>\n<p>Sur les images du net, on trouve un relais pour se reposer. Il faut dire que le sentier que l&rsquo;on voit est le <a href=\"https:\/\/www.salcantay.info\/\">Salcantay Trek<\/a>, \u00e7a c&rsquo;est sur ! L&rsquo;itin\u00e9raire pars du petit village de Mollepata au P\u00e9rou, se dirige en montant au pied du <a href=\"https:\/\/fr.wikipedia.org\/wiki\/Salcantay\">Salcantay<\/a> avant de tourner \u00e0 gauche rejoindre les petits village de Chaullay et Collpapampa. Nous n&rsquo;avons jamais fait cette derni\u00e8re partie car nous avons tourner \u00e0 droite sous le magnifique 6271m&#8230; et pris un itin\u00e9raire bien plus sauvage.<\/p>\n<p>D\u00e9j\u00e0 il y a 20 ans, c&rsquo;\u00e9tait un trek mais il n&rsquo;y avait quasiment personne l&rsquo;hiver (l&rsquo;\u00e9t\u00e9 chez nous). De nos jours, les arr\u00eats semblent am\u00e9nag\u00e9s avec des tables et des toilettes. Il y a des h\u00f4tels, des refuges et des campings&#8230; Est-on encore au P\u00e9rou d&rsquo;avant ou le tourisme a ici aussi grignot\u00e9 un bout de la soci\u00e9t\u00e9 paysanne ? Il faut dire que la zone n&rsquo;est pas inconnue. La redescente du <a href=\"https:\/\/fr.wikipedia.org\/wiki\/Salcantay\">Salcantay<\/a> versant Est m\u00e8ne directement sur le Machu Pichu ! Il y a donc de quoi se promener dans cette surprenante <a title=\"Cordill\u00e8re de Vilcabamba\" href=\"https:\/\/fr.wikipedia.org\/wiki\/Cordill%C3%A8re_de_Vilcabamba\">cordill\u00e8re de Vilcabamba<\/a>.<\/p>\n<p>Adresse g\u00e9ographique :<a id=\"geo_uri\" href=\"geo:-13.4519,-72.5485?z=16\">\u00a0geo:-13.4514,-72.5491?z=16<\/a>.<\/p>\n","protected":false},"excerpt":{"rendered":"<p>Il se pourrait que cette photographie ait \u00e9t\u00e9 prise au lieu dit Chinchikuma (ou peut \u00eatre sur la cr\u00eate pr\u00e9c\u00e9dente \u00e0 quelques centaines de m\u00e8tres). Cependant, en se plongeant dans les cartes sur le web, il est possible de trouver &hellip; <a href=\"https:\/\/kergroixnoble.fr\/blog\/2017\/chinchikuma\/\">Continuer la lecture <span class=\"meta-nav\">&rarr;<\/span><\/a><\/p>\n","protected":false},"author":4,"featured_media":0,"comment_status":"open","ping_status":"open","sticky":false,"template":"","format":"standard","meta":{"footnotes":""},"categories":[1],"tags":[],"class_list":["post-4499","post","type-post","status-publish","format-standard","hentry","category-uncategorized"],"_links":{"self":[{"href":"https:\/\/kergroixnoble.fr\/blog\/wp-json\/wp\/v2\/posts\/4499"}],"collection":[{"href":"https:\/\/kergroixnoble.fr\/blog\/wp-json\/wp\/v2\/posts"}],"about":[{"href":"https:\/\/kergroixnoble.fr\/blog\/wp-json\/wp\/v2\/types\/post"}],"author":[{"embeddable":true,"href":"https:\/\/kergroixnoble.fr\/blog\/wp-json\/wp\/v2\/users\/4"}],"replies":[{"embeddable":true,"href":"https:\/\/kergroixnoble.fr\/blog\/wp-json\/wp\/v2\/comments?post=4499"}],"version-history":[{"count":9,"href":"https:\/\/kergroixnoble.fr\/blog\/wp-json\/wp\/v2\/posts\/4499\/revisions"}],"predecessor-version":[{"id":6831,"href":"https:\/\/kergroixnoble.fr\/blog\/wp-json\/wp\/v2\/posts\/4499\/revisions\/6831"}],"wp:attachment":[{"href":"https:\/\/kergroixnoble.fr\/blog\/wp-json\/wp\/v2\/media?parent=4499"}],"wp:term":[{"taxonomy":"category","embeddable":true,"href":"https:\/\/kergroixnoble.fr\/blog\/wp-json\/wp\/v2\/categories?post=4499"},{"taxonomy":"post_tag","embeddable":true,"href":"https:\/\/kergroixnoble.fr\/blog\/wp-json\/wp\/v2\/tags?post=4499"}],"curies":[{"name":"wp","href":"https:\/\/api.w.org\/{rel}","templated":true}]}}