{"id":4509,"date":"2017-07-04T18:32:56","date_gmt":"2017-07-04T16:32:56","guid":{"rendered":"http:\/\/kergroixnoble.fr\/blog\/?p=4509"},"modified":"2017-07-06T13:45:02","modified_gmt":"2017-07-06T11:45:02","slug":"patagonia-el-invierno","status":"publish","type":"post","link":"https:\/\/kergroixnoble.fr\/blog\/2017\/patagonia-el-invierno\/","title":{"rendered":"Patagonia, el invierno"},"content":{"rendered":"<p><a href=\"https:\/\/kergroixnoble.fr\/blog\/wp-content\/uploads\/2017\/07\/patagonia-film.jpg\"><img loading=\"lazy\" decoding=\"async\" class=\"alignleft size-medium wp-image-4510\" src=\"https:\/\/kergroixnoble.fr\/blog\/wp-content\/uploads\/2017\/07\/patagonia-film-225x300.jpg\" alt=\"\" width=\"225\" height=\"300\" srcset=\"https:\/\/kergroixnoble.fr\/blog\/wp-content\/uploads\/2017\/07\/patagonia-film-225x300.jpg 225w, https:\/\/kergroixnoble.fr\/blog\/wp-content\/uploads\/2017\/07\/patagonia-film.jpg 600w\" sizes=\"(max-width: 225px) 100vw, 225px\" \/><\/a>C&rsquo;est une bonne saison pour les films Argentins, on pourrait m\u00eame dire l&rsquo;\u00e9t\u00e9 du cin\u00e9ma pour un film dont le titre est l&rsquo;<a href=\"https:\/\/es.wikipedia.org\/wiki\/El_Invierno\">hiver<\/a> !<\/p>\n<p>L&rsquo;action se d\u00e9roule en <a href=\"https:\/\/fr.wikipedia.org\/wiki\/Patagonie\">Patagonie<\/a> comme le titre fran\u00e7ais le sugg\u00e8re. Nous sommes directement plong\u00e9 au c\u0153ur de ce territoire sans fin, vent\u00e9, dans une pampa sans arbre avec ses lacs et ses montages (pas si lointaines) enneig\u00e9es. Nous sommes aussi dans l&rsquo;antre des gauchos, ces cow-boys sud am\u00e9ricain qui, \u00e0 l&rsquo;inverse des westerns spaghettis de nos amis plus au nord, ne passent pas leur temps \u00e0 flinguer leurs semblables mais \u00e0 garder les vaches&#8230; Ici, ils ont plus un r\u00f4le de berger car un berger garde des berges &#8230; oups des moutons.<\/p>\n<p>Au d\u00e9but du film, c&rsquo;est le printemps et commence la tonte des moutons par des travailleurs saisonniers pilot\u00e9 par le vieil homme Evans, gardien de l&rsquo;estancia. Il se fait second\u00e9 et forme Jara, un am\u00e9rindien d&rsquo;origine Guarani. No\u00ebl passe durant l&rsquo;\u00e9t\u00e9, puis c&rsquo;est l&rsquo;automne et l&rsquo;hiver arrive enfin. Les saisonniers repartent et la rel\u00e8ve, impitoyable, tranche de son couperet ce grand bout de coin tranquille.<\/p>\n<p>Ah l&rsquo;hiver seul dans une baraque isol\u00e9e de tout et les collines enneig\u00e9es&#8230; L&rsquo;ambiance id\u00e9ale pour quelques l\u00e9gendes, et un brin de stress avec une mort rampante dans le froid et le vent. C&rsquo;est aussi l&rsquo;occasion d&rsquo;avoir une relation avec la terre, le territoire, qui nous prends au plus profond des tripes !<\/p>\n<p>Voila un premier film, r\u00e9alis\u00e9 par <a href=\"https:\/\/en.wikipedia.org\/wiki\/Emiliano_Torres\">Emiliano Torres<\/a>, plus que d\u00e9paysant. La vie est dure mais la vie est belle. Les acteurs sont tous parfaits et cr\u00e9dibles, notamment nos deux h\u00e9ros dont on n&rsquo;aurait pu imaginer mieux. <a class=\"obf\" href=\"https:\/\/fr.wikipedia.org\/wiki\/Alejandro_Sieveking\" data-href=\"L3BlcnNvbm5hbGl0ZS9hbGVqYW5kcm8tc2lldmVraW5nLDQ3NzQ2MC5waHA=\">Alejandro Sieveking<\/a>, 81 ans lors du tournage, est un Evans incroyable de t\u00e9nacit\u00e9 et de v\u00e9rit\u00e9. <a class=\"obf\" href=\"http:\/\/www.telerama.fr\/personnalite\/cristian-salguero,586224.php\" data-href=\"L3BlcnNvbm5hbGl0ZS9jcmlzdGlhbi1zYWxndWVybyw1ODYyMjQucGhw\"> Cristian Salguero<\/a> s&rsquo;impr\u00e8gne imm\u00e9diatement du r\u00f4le de Jara et de l&rsquo;immensit\u00e9 de la solitude du sud. Il y a bien un myst\u00e8re qui l&rsquo;aide \u00e0 tenir &#8230; mais dont nous n&rsquo;en dirons rien ici !<\/p>\n<p>Un <a href=\"https:\/\/es.wikipedia.org\/wiki\/El_Invierno\">film<\/a> \u00e0 voir sur grand format.<\/p>\n","protected":false},"excerpt":{"rendered":"<p>C&rsquo;est une bonne saison pour les films Argentins, on pourrait m\u00eame dire l&rsquo;\u00e9t\u00e9 du cin\u00e9ma pour un film dont le titre est l&rsquo;hiver ! L&rsquo;action se d\u00e9roule en Patagonie comme le titre fran\u00e7ais le sugg\u00e8re. Nous sommes directement plong\u00e9 au &hellip; <a href=\"https:\/\/kergroixnoble.fr\/blog\/2017\/patagonia-el-invierno\/\">Continuer la lecture <span class=\"meta-nav\">&rarr;<\/span><\/a><\/p>\n","protected":false},"author":4,"featured_media":0,"comment_status":"open","ping_status":"open","sticky":false,"template":"","format":"standard","meta":{"footnotes":""},"categories":[1],"tags":[],"class_list":["post-4509","post","type-post","status-publish","format-standard","hentry","category-uncategorized"],"_links":{"self":[{"href":"https:\/\/kergroixnoble.fr\/blog\/wp-json\/wp\/v2\/posts\/4509"}],"collection":[{"href":"https:\/\/kergroixnoble.fr\/blog\/wp-json\/wp\/v2\/posts"}],"about":[{"href":"https:\/\/kergroixnoble.fr\/blog\/wp-json\/wp\/v2\/types\/post"}],"author":[{"embeddable":true,"href":"https:\/\/kergroixnoble.fr\/blog\/wp-json\/wp\/v2\/users\/4"}],"replies":[{"embeddable":true,"href":"https:\/\/kergroixnoble.fr\/blog\/wp-json\/wp\/v2\/comments?post=4509"}],"version-history":[{"count":9,"href":"https:\/\/kergroixnoble.fr\/blog\/wp-json\/wp\/v2\/posts\/4509\/revisions"}],"predecessor-version":[{"id":4519,"href":"https:\/\/kergroixnoble.fr\/blog\/wp-json\/wp\/v2\/posts\/4509\/revisions\/4519"}],"wp:attachment":[{"href":"https:\/\/kergroixnoble.fr\/blog\/wp-json\/wp\/v2\/media?parent=4509"}],"wp:term":[{"taxonomy":"category","embeddable":true,"href":"https:\/\/kergroixnoble.fr\/blog\/wp-json\/wp\/v2\/categories?post=4509"},{"taxonomy":"post_tag","embeddable":true,"href":"https:\/\/kergroixnoble.fr\/blog\/wp-json\/wp\/v2\/tags?post=4509"}],"curies":[{"name":"wp","href":"https:\/\/api.w.org\/{rel}","templated":true}]}}