{"id":4521,"date":"2017-07-08T12:02:46","date_gmt":"2017-07-08T10:02:46","guid":{"rendered":"http:\/\/kergroixnoble.fr\/blog\/?p=4521"},"modified":"2017-07-06T22:18:20","modified_gmt":"2017-07-06T20:18:20","slug":"aper","status":"publish","type":"post","link":"https:\/\/kergroixnoble.fr\/blog\/2017\/aper\/","title":{"rendered":"APER"},"content":{"rendered":"<p><a href=\"https:\/\/kergroixnoble.fr\/blog\/wp-content\/uploads\/2017\/07\/20170615_085106_0008_pfz200.jpg\"><img loading=\"lazy\" decoding=\"async\" class=\"alignleft size-medium wp-image-4522\" src=\"https:\/\/kergroixnoble.fr\/blog\/wp-content\/uploads\/2017\/07\/20170615_085106_0008_pfz200-300x225.jpg\" alt=\"\" width=\"300\" height=\"225\" srcset=\"https:\/\/kergroixnoble.fr\/blog\/wp-content\/uploads\/2017\/07\/20170615_085106_0008_pfz200-300x225.jpg 300w, https:\/\/kergroixnoble.fr\/blog\/wp-content\/uploads\/2017\/07\/20170615_085106_0008_pfz200.jpg 550w\" sizes=\"(max-width: 300px) 100vw, 300px\" \/><\/a>Et si l&rsquo;initiation au code de la route se faisait d\u00e8s le plus jeune \u00e2ge ? En effet, avec le nombre toujours tr\u00e8s important, m\u00eame si heureusement bien plus faible qu&rsquo;il y a 30 ans, des accidents mortels, vivre avec la route est un savoir tout aussi capital de nos jours que savoir faucher il y a 100 ans !<\/p>\n<p>En tant que parents, la formation des petits passe d\u00e8s le plus jeune \u00e2ge, j&rsquo;ai presque envie de dire d\u00e8s les premiers pas, via le plus souvent des injonctions parentales : regarde des deux cot\u00e9s avant de traverser, fait attention, ne cours pas&#8230; L&rsquo;\u00e9cole a aussi, de son cot\u00e9, commenc\u00e9 la mise en place d&rsquo;un programme r\u00e9pondant au doux nom de <a href=\"https:\/\/fr.wikipedia.org\/wiki\/Continuum_%C3%A9ducatif\">continuum \u00e9ducatif<\/a> lors d&rsquo;un comit\u00e9 interminist\u00e9riel sur la s\u00e9curit\u00e9 routi\u00e8re fin novembre 1997. Bref, cette ann\u00e9e l\u00e0, cela faisait d\u00e9j\u00e0 quelques temps que, de mon cot\u00e9, j&rsquo;\u00e9tais sorti du syst\u00e8me !<\/p>\n<p><a href=\"https:\/\/kergroixnoble.fr\/blog\/wp-content\/uploads\/2017\/07\/20170615_083945_0005_pfz200.jpg\"><img loading=\"lazy\" decoding=\"async\" class=\"size-medium wp-image-4523 alignright\" src=\"https:\/\/kergroixnoble.fr\/blog\/wp-content\/uploads\/2017\/07\/20170615_083945_0005_pfz200-225x300.jpg\" alt=\"\" width=\"225\" height=\"300\" srcset=\"https:\/\/kergroixnoble.fr\/blog\/wp-content\/uploads\/2017\/07\/20170615_083945_0005_pfz200-225x300.jpg 225w, https:\/\/kergroixnoble.fr\/blog\/wp-content\/uploads\/2017\/07\/20170615_083945_0005_pfz200.jpg 550w\" sizes=\"(max-width: 225px) 100vw, 225px\" \/><\/a>Apr\u00e8s une premi\u00e8re couche \u00e0 la maternelle, le cycle du primaire d\u00e9livre (enfin) en fin de CM2 l&rsquo;<a href=\"https:\/\/fr.wikipedia.org\/wiki\/Attestation_de_premi%C3%A8re_%C3%A9ducation_%C3%A0_la_route\">Attestation de Premi\u00e8re \u00c9ducation \u00e0 la Route<\/a> (APER). Le programme <a href=\"https:\/\/fr.wikipedia.org\/wiki\/Continuum_%C3%A9ducatif\">continuum<\/a> continu ensuite au coll\u00e8ge, au lyc\u00e9e et m\u00eame \u00e0 l&rsquo;universit\u00e9&#8230; L&rsquo;APER, inscrite officiellement dans les programmes depuis la rentr\u00e9e 2002, permet l&rsquo;apprentissage du comportement et des r\u00e8gles en usage sur les routes via des situations que l&rsquo;enfant croise au quotidien : chemin de l&rsquo;\u00e9cole, d\u00e9placements en voiture&#8230; Si chaque enseignant doit mettre en place des activit\u00e9s d&rsquo;\u00e9ducation aux risques de la circulation dans sa classe, il peut fort heureusement \u00eatre aid\u00e9 par les forces de l&rsquo;ordre dont une des missions est tout de m\u00eame la pr\u00e9vention.<\/p>\n<p>Sur notre commune, c&rsquo;est \u00e0 la police municipale que reviens en partie cette t\u00e2che citoyenne. Les ayant vu de loin et de moins loin, ils le font tr\u00e8s bien avec beaucoup d&rsquo;investissements et d&rsquo;implications. Ils pr\u00e9parent des parcours, des plots, des chicanes&#8230; Ainsi nos bambins, plus si petits que cela (CM2), prennent leur deux roues \u00e0 p\u00e9dales et parcourent les \u00e9preuves avec s\u00e9rieux et bonne humeur en cette fin d&rsquo;ann\u00e9e scolaire. C&rsquo;est effectivement une bonne id\u00e9e que de mettre cette formation 15 jours avant le d\u00e9part des grandes vacances, temps des parents qui foncent sur l&rsquo;autoroute, temps des promenades familiales \u00e0 pieds ou \u00e0 v\u00e9los, temps&#8230;<\/p>\n","protected":false},"excerpt":{"rendered":"<p>Et si l&rsquo;initiation au code de la route se faisait d\u00e8s le plus jeune \u00e2ge ? En effet, avec le nombre toujours tr\u00e8s important, m\u00eame si heureusement bien plus faible qu&rsquo;il y a 30 ans, des accidents mortels, vivre avec &hellip; <a href=\"https:\/\/kergroixnoble.fr\/blog\/2017\/aper\/\">Continuer la lecture <span class=\"meta-nav\">&rarr;<\/span><\/a><\/p>\n","protected":false},"author":4,"featured_media":0,"comment_status":"open","ping_status":"open","sticky":false,"template":"","format":"standard","meta":{"footnotes":""},"categories":[1],"tags":[],"class_list":["post-4521","post","type-post","status-publish","format-standard","hentry","category-uncategorized"],"_links":{"self":[{"href":"https:\/\/kergroixnoble.fr\/blog\/wp-json\/wp\/v2\/posts\/4521"}],"collection":[{"href":"https:\/\/kergroixnoble.fr\/blog\/wp-json\/wp\/v2\/posts"}],"about":[{"href":"https:\/\/kergroixnoble.fr\/blog\/wp-json\/wp\/v2\/types\/post"}],"author":[{"embeddable":true,"href":"https:\/\/kergroixnoble.fr\/blog\/wp-json\/wp\/v2\/users\/4"}],"replies":[{"embeddable":true,"href":"https:\/\/kergroixnoble.fr\/blog\/wp-json\/wp\/v2\/comments?post=4521"}],"version-history":[{"count":7,"href":"https:\/\/kergroixnoble.fr\/blog\/wp-json\/wp\/v2\/posts\/4521\/revisions"}],"predecessor-version":[{"id":4526,"href":"https:\/\/kergroixnoble.fr\/blog\/wp-json\/wp\/v2\/posts\/4521\/revisions\/4526"}],"wp:attachment":[{"href":"https:\/\/kergroixnoble.fr\/blog\/wp-json\/wp\/v2\/media?parent=4521"}],"wp:term":[{"taxonomy":"category","embeddable":true,"href":"https:\/\/kergroixnoble.fr\/blog\/wp-json\/wp\/v2\/categories?post=4521"},{"taxonomy":"post_tag","embeddable":true,"href":"https:\/\/kergroixnoble.fr\/blog\/wp-json\/wp\/v2\/tags?post=4521"}],"curies":[{"name":"wp","href":"https:\/\/api.w.org\/{rel}","templated":true}]}}