{"id":6522,"date":"2019-10-10T22:59:06","date_gmt":"2019-10-10T20:59:06","guid":{"rendered":"http:\/\/kergroixnoble.fr\/blog\/?p=6522"},"modified":"2019-10-10T22:59:06","modified_gmt":"2019-10-10T20:59:06","slug":"dolore-e-gloria","status":"publish","type":"post","link":"https:\/\/kergroixnoble.fr\/blog\/2019\/dolore-e-gloria\/","title":{"rendered":"Dolore e gloria"},"content":{"rendered":"\n<ul class=\"wp-block-gallery columns-2 is-cropped wp-block-gallery-1 is-layout-flex wp-block-gallery-is-layout-flex\"><li class=\"blocks-gallery-item\"><figure><a href=\"https:\/\/kergroixnoble.fr\/blog\/wp-content\/uploads\/2019\/10\/fr.jpg\"><img loading=\"lazy\" decoding=\"async\" width=\"279\" height=\"380\" src=\"https:\/\/kergroixnoble.fr\/blog\/wp-content\/uploads\/2019\/10\/fr.jpg\" alt=\"\" data-id=\"6524\" data-link=\"https:\/\/kergroixnoble.fr\/blog\/?attachment_id=6524\" class=\"wp-image-6524\" srcset=\"https:\/\/kergroixnoble.fr\/blog\/wp-content\/uploads\/2019\/10\/fr.jpg 279w, https:\/\/kergroixnoble.fr\/blog\/wp-content\/uploads\/2019\/10\/fr-220x300.jpg 220w\" sizes=\"(max-width: 279px) 100vw, 279px\" \/><\/a><\/figure><\/li><li class=\"blocks-gallery-item\"><figure><a href=\"https:\/\/kergroixnoble.fr\/blog\/wp-content\/uploads\/2019\/10\/es.jpg\"><img loading=\"lazy\" decoding=\"async\" width=\"266\" height=\"380\" src=\"https:\/\/kergroixnoble.fr\/blog\/wp-content\/uploads\/2019\/10\/es.jpg\" alt=\"\" data-id=\"6523\" data-link=\"https:\/\/kergroixnoble.fr\/blog\/?attachment_id=6523\" class=\"wp-image-6523\" srcset=\"https:\/\/kergroixnoble.fr\/blog\/wp-content\/uploads\/2019\/10\/es.jpg 266w, https:\/\/kergroixnoble.fr\/blog\/wp-content\/uploads\/2019\/10\/es-210x300.jpg 210w\" sizes=\"(max-width: 266px) 100vw, 266px\" \/><\/a><\/figure><\/li><\/ul>\n\n\n\n<p>Amusant ces deux affiches, quasiment la m\u00eame, avec la m\u00eame ombre en arri\u00e8re plan et un Antonio \u00e0 gauche en fran\u00e7ais et \u00e0 droite en espagnol. Clairement, les deux affiches ont \u00e9t\u00e9 r\u00e9alis\u00e9s par la m\u00eame \u00e9quipe de communication.<\/p>\n\n\n\n<p>Le dernier film de <a href=\"https:\/\/fr.wikipedia.org\/wiki\/Pedro_Almod%C3%B3var\">Pedro Almod\u00f3var<\/a> est de nouveau une merveille. Comment fait ce r\u00e9alisateur pour ne pas faire plus de navet. Il y a toujours plein de couleur, plein de vie, des dialogues r\u00e9ellement int\u00e9ressant avec de l&rsquo;\u00e9motion grav\u00e9e sur la pellicule. Mais son cin\u00e9ma ne tourne pas en rond comme on a parfois l&rsquo;impression avec les films de <a href=\"https:\/\/fr.wikipedia.org\/wiki\/Woody_Allen\">Woody Allen<\/a> qui donnent de temps en temps un air de d\u00e9j\u00e0-vu. Je ne me souviens pas avoir vu chez Pedro un bout de Pedro \u00e0 l&rsquo;\u00e9cran aussi pr\u00e9sent.<\/p>\n\n\n\n<p>Dans <a href=\"https:\/\/fr.wikipedia.org\/wiki\/Douleur_et_Gloire\">Douleur et Gloire<\/a>, nos deux acteurs f\u00e9tiches sont pr\u00e9sents. <a href=\"https:\/\/fr.wikipedia.org\/wiki\/Pen%C3%A9lope_Cruz\">Pen\u00e9lope Cruz <\/a>et le jeune <a href=\"https:\/\/fr.wikipedia.org\/wiki\/Antonio_Banderas\">Antonio Banderas<\/a> qui n&rsquo;est tout jeune. Sacr\u00e9 bonhomme, d\u00e9j\u00e0 60 au compteur, P\u00e9n\u00e9lope en a 15 de moins. Incroyable, je le croyais plus jeune qu&rsquo;elle. Les ann\u00e9es tournent pour moi aussi !<\/p>\n\n\n\n<p>De quoi parle ce film ? D&rsquo;un r\u00e9alisateur de cin\u00e9ma dont la vieillesse, les douleurs, l&#8217;emp\u00eache d&rsquo;avoir la moindre inspiration. Pas n&rsquo;importe quel cin\u00e9aste, un cin\u00e9aste tr\u00e8s connu qui jeune habitait la campagne et monte \u00e0 la capitale, Madrid, vers 20 ans. On voit d&rsquo;ailleurs que la campagne il y a 50 ans, belle, est tout de m\u00eame bien plus pauvre que de nos jours. Mais comme souvent avec Almod\u00f3var, la pauvret\u00e9 peut \u00eatre tr\u00e8s belle. Parfois il en rajoute un peu comme le coup du tableau, vous n&rsquo;avez pas vu le film, tant pis pour vous. Enfin, ce coup de toile n&rsquo;\u00e9tait pas n\u00e9cessaire et me semble le seul point noir du film.<\/p>\n\n\n\n<p>En voyant cette pellicule, impossible de ne pas penser que Pedro pr\u00e9pare sa sortie, sa retraite. Il y a un semblant d&rsquo;autobiographie avant l&rsquo;heure. Je suis persuad\u00e9 que d\u00e8s le d\u00e9but du projet, dans sa t\u00eate, seul Antonio pouvait incarner son personnage. C&rsquo;\u00e9tait \u00e9crit.<\/p>\n\n\n\n<p><strong>\u00c0 voir absolument, forc\u00e9ment&#8230;<\/strong><\/p>\n","protected":false},"excerpt":{"rendered":"<p>Amusant ces deux affiches, quasiment la m\u00eame, avec la m\u00eame ombre en arri\u00e8re plan et un Antonio \u00e0 gauche en fran\u00e7ais et \u00e0 droite en espagnol. Clairement, les deux affiches ont \u00e9t\u00e9 r\u00e9alis\u00e9s par la m\u00eame \u00e9quipe de communication. Le &hellip; <a href=\"https:\/\/kergroixnoble.fr\/blog\/2019\/dolore-e-gloria\/\">Continuer la lecture <span class=\"meta-nav\">&rarr;<\/span><\/a><\/p>\n","protected":false},"author":4,"featured_media":0,"comment_status":"open","ping_status":"open","sticky":false,"template":"","format":"standard","meta":{"footnotes":""},"categories":[1],"tags":[],"class_list":["post-6522","post","type-post","status-publish","format-standard","hentry","category-uncategorized"],"_links":{"self":[{"href":"https:\/\/kergroixnoble.fr\/blog\/wp-json\/wp\/v2\/posts\/6522"}],"collection":[{"href":"https:\/\/kergroixnoble.fr\/blog\/wp-json\/wp\/v2\/posts"}],"about":[{"href":"https:\/\/kergroixnoble.fr\/blog\/wp-json\/wp\/v2\/types\/post"}],"author":[{"embeddable":true,"href":"https:\/\/kergroixnoble.fr\/blog\/wp-json\/wp\/v2\/users\/4"}],"replies":[{"embeddable":true,"href":"https:\/\/kergroixnoble.fr\/blog\/wp-json\/wp\/v2\/comments?post=6522"}],"version-history":[{"count":3,"href":"https:\/\/kergroixnoble.fr\/blog\/wp-json\/wp\/v2\/posts\/6522\/revisions"}],"predecessor-version":[{"id":6527,"href":"https:\/\/kergroixnoble.fr\/blog\/wp-json\/wp\/v2\/posts\/6522\/revisions\/6527"}],"wp:attachment":[{"href":"https:\/\/kergroixnoble.fr\/blog\/wp-json\/wp\/v2\/media?parent=6522"}],"wp:term":[{"taxonomy":"category","embeddable":true,"href":"https:\/\/kergroixnoble.fr\/blog\/wp-json\/wp\/v2\/categories?post=6522"},{"taxonomy":"post_tag","embeddable":true,"href":"https:\/\/kergroixnoble.fr\/blog\/wp-json\/wp\/v2\/tags?post=6522"}],"curies":[{"name":"wp","href":"https:\/\/api.w.org\/{rel}","templated":true}]}}