{"id":6773,"date":"2020-01-14T20:45:16","date_gmt":"2020-01-14T19:45:16","guid":{"rendered":"http:\/\/kergroixnoble.fr\/blog\/?p=6773"},"modified":"2020-01-13T20:45:45","modified_gmt":"2020-01-13T19:45:45","slug":"saut-dhiver","status":"publish","type":"post","link":"https:\/\/kergroixnoble.fr\/blog\/2020\/saut-dhiver\/","title":{"rendered":"Saut d&rsquo;hiver"},"content":{"rendered":"\n<div class=\"wp-block-image\"><figure class=\"alignleft size-medium\"><a href=\"https:\/\/kergroixnoble.fr\/blog\/wp-content\/uploads\/2020\/01\/20200111_120708_0303_pfz200.jpg\"><img loading=\"lazy\" decoding=\"async\" width=\"300\" height=\"225\" src=\"https:\/\/kergroixnoble.fr\/blog\/wp-content\/uploads\/2020\/01\/20200111_120708_0303_pfz200-300x225.jpg\" alt=\"\" class=\"wp-image-6774\" srcset=\"https:\/\/kergroixnoble.fr\/blog\/wp-content\/uploads\/2020\/01\/20200111_120708_0303_pfz200-300x225.jpg 300w, https:\/\/kergroixnoble.fr\/blog\/wp-content\/uploads\/2020\/01\/20200111_120708_0303_pfz200.jpg 550w\" sizes=\"(max-width: 300px) 100vw, 300px\" \/><\/a><\/figure><\/div>\n\n\n\n<p>Comment passer de l&rsquo;automne au printemps ? En sautant tout simplement l&rsquo;hiver. C&rsquo;est peut-\u00eatre ce que nous allons avoir dans ce passage de t\u00e9moin 2019-2020.<\/p>\n\n\n\n<p>En effet, ce dimanche, le jasmin \u00e9tait d\u00e9j\u00e0 en fleur, ce qui n&rsquo;est gu\u00e8re \u00e9tonnant non plus, il est en fleur tous les ans en hiver. Plus ou moins t\u00f4t cependant. Cette ann\u00e9e, nous avions d\u00e9j\u00e0 des couleurs \u00e0 No\u00ebl. Ce n&rsquo;est pas parce qu&rsquo;il est jaune que c&rsquo;est un <a href=\"https:\/\/fr.wikipedia.org\/wiki\/Jasminum_fruticans\">jasmin jaune<\/a> ou <em>Jasminum fruticans<\/em>. Non, c&rsquo;est plut\u00f4t un <a href=\"https:\/\/fr.wikipedia.org\/wiki\/Jasmin_d%27hiver\">jasmin d&rsquo;hiver<\/a> ou <em>Jasminum nudiflorum<\/em>.<\/p>\n\n\n\n<p><strong>Pourquoi ?<\/strong><\/p>\n\n\n\n<p>Tout simple parce m\u00eame si le temps est doux, c&rsquo;est quand m\u00eame l&rsquo;hiver et ce jasmin-l\u00e0 est exactement \u00e0 sa place \u00e0 cette p\u00e9riode de l&rsquo;ann\u00e9e. \u00c0 noter pour ceux qui pensent qu&rsquo;avant c&rsquo;\u00e9tait mieux, c&rsquo;\u00e9tait surtout diff\u00e9rent. Il n&rsquo;y avait pas de jasmin d&rsquo;hiver, celui-ci venant de Chine <em>a priori<\/em> vers 1840, pas avant. <a href=\"https:\/\/fr.wikipedia.org\/wiki\/Napol%C3%A9on_Ier\">Napol\u00e9on<\/a> ne le connaissait pas et \u00e7a, c&rsquo;est une information que je ne savais pas !<\/p>\n\n\n\n<p><strong>Jusqu&rsquo;\u00e0 pr\u00e9sent, rien de bien nouveau sous les \u00e9toiles d&rsquo;hiver&#8230;<\/strong><\/p>\n\n\n\n<p>En r\u00e9alit\u00e9, l&rsquo;information nouvelle a \u00e9t\u00e9 donn\u00e9e en premier. Il s&rsquo;agit de la premi\u00e8re photographie. Un plan de <a href=\"https:\/\/fr.wikipedia.org\/wiki\/Verveine\">verveine<\/a> bien vert en janvier, plus de la <a href=\"https:\/\/fr.wikipedia.org\/wiki\/Verveine_officinale\">verveine officinale<\/a> en pratique. Normalement, les feuilles de verveines se font griller par les premiers grands froids d&rsquo;hiver. Des feuilles d&rsquo;automnes en janvier est un t\u00e9moin suppl\u00e9mentaire du r\u00e9chauffement en cours. \u00c0 suivre les hivers prochains&#8230;<\/p>\n\n\n\n<figure class=\"wp-block-gallery columns-2 is-cropped wp-block-gallery-1 is-layout-flex wp-block-gallery-is-layout-flex\"><ul class=\"blocks-gallery-grid\"><li class=\"blocks-gallery-item\"><figure><a href=\"https:\/\/kergroixnoble.fr\/blog\/wp-content\/uploads\/2020\/01\/20200111_120808_0304_pfz200.jpg\"><img loading=\"lazy\" decoding=\"async\" width=\"550\" height=\"413\" src=\"https:\/\/kergroixnoble.fr\/blog\/wp-content\/uploads\/2020\/01\/20200111_120808_0304_pfz200.jpg\" alt=\"\" data-id=\"6775\" data-full-url=\"https:\/\/kergroixnoble.fr\/blog\/wp-content\/uploads\/2020\/01\/20200111_120808_0304_pfz200.jpg\" data-link=\"https:\/\/kergroixnoble.fr\/blog\/?attachment_id=6775\" class=\"wp-image-6775\" srcset=\"https:\/\/kergroixnoble.fr\/blog\/wp-content\/uploads\/2020\/01\/20200111_120808_0304_pfz200.jpg 550w, https:\/\/kergroixnoble.fr\/blog\/wp-content\/uploads\/2020\/01\/20200111_120808_0304_pfz200-300x225.jpg 300w\" sizes=\"(max-width: 550px) 100vw, 550px\" \/><\/a><\/figure><\/li><li class=\"blocks-gallery-item\"><figure><a href=\"https:\/\/kergroixnoble.fr\/blog\/wp-content\/uploads\/2020\/01\/20200111_120836_0307_pfz200.jpg\"><img loading=\"lazy\" decoding=\"async\" width=\"550\" height=\"413\" src=\"https:\/\/kergroixnoble.fr\/blog\/wp-content\/uploads\/2020\/01\/20200111_120836_0307_pfz200.jpg\" alt=\"\" data-id=\"6776\" data-full-url=\"https:\/\/kergroixnoble.fr\/blog\/wp-content\/uploads\/2020\/01\/20200111_120836_0307_pfz200.jpg\" data-link=\"https:\/\/kergroixnoble.fr\/blog\/?attachment_id=6776\" class=\"wp-image-6776\" srcset=\"https:\/\/kergroixnoble.fr\/blog\/wp-content\/uploads\/2020\/01\/20200111_120836_0307_pfz200.jpg 550w, https:\/\/kergroixnoble.fr\/blog\/wp-content\/uploads\/2020\/01\/20200111_120836_0307_pfz200-300x225.jpg 300w\" sizes=\"(max-width: 550px) 100vw, 550px\" \/><\/a><\/figure><\/li><\/ul><\/figure>\n","protected":false},"excerpt":{"rendered":"<p>Comment passer de l&rsquo;automne au printemps ? En sautant tout simplement l&rsquo;hiver. C&rsquo;est peut-\u00eatre ce que nous allons avoir dans ce passage de t\u00e9moin 2019-2020. En effet, ce dimanche, le jasmin \u00e9tait d\u00e9j\u00e0 en fleur, ce qui n&rsquo;est gu\u00e8re \u00e9tonnant &hellip; <a href=\"https:\/\/kergroixnoble.fr\/blog\/2020\/saut-dhiver\/\">Continuer la lecture <span class=\"meta-nav\">&rarr;<\/span><\/a><\/p>\n","protected":false},"author":4,"featured_media":0,"comment_status":"open","ping_status":"open","sticky":false,"template":"","format":"standard","meta":{"footnotes":""},"categories":[1],"tags":[],"class_list":["post-6773","post","type-post","status-publish","format-standard","hentry","category-uncategorized"],"_links":{"self":[{"href":"https:\/\/kergroixnoble.fr\/blog\/wp-json\/wp\/v2\/posts\/6773"}],"collection":[{"href":"https:\/\/kergroixnoble.fr\/blog\/wp-json\/wp\/v2\/posts"}],"about":[{"href":"https:\/\/kergroixnoble.fr\/blog\/wp-json\/wp\/v2\/types\/post"}],"author":[{"embeddable":true,"href":"https:\/\/kergroixnoble.fr\/blog\/wp-json\/wp\/v2\/users\/4"}],"replies":[{"embeddable":true,"href":"https:\/\/kergroixnoble.fr\/blog\/wp-json\/wp\/v2\/comments?post=6773"}],"version-history":[{"count":3,"href":"https:\/\/kergroixnoble.fr\/blog\/wp-json\/wp\/v2\/posts\/6773\/revisions"}],"predecessor-version":[{"id":6779,"href":"https:\/\/kergroixnoble.fr\/blog\/wp-json\/wp\/v2\/posts\/6773\/revisions\/6779"}],"wp:attachment":[{"href":"https:\/\/kergroixnoble.fr\/blog\/wp-json\/wp\/v2\/media?parent=6773"}],"wp:term":[{"taxonomy":"category","embeddable":true,"href":"https:\/\/kergroixnoble.fr\/blog\/wp-json\/wp\/v2\/categories?post=6773"},{"taxonomy":"post_tag","embeddable":true,"href":"https:\/\/kergroixnoble.fr\/blog\/wp-json\/wp\/v2\/tags?post=6773"}],"curies":[{"name":"wp","href":"https:\/\/api.w.org\/{rel}","templated":true}]}}