{"id":984,"date":"2014-03-27T13:56:38","date_gmt":"2014-03-27T12:56:38","guid":{"rendered":"http:\/\/kergroixnoble.fr\/blog\/?p=984"},"modified":"2014-04-06T03:47:41","modified_gmt":"2014-04-06T01:47:41","slug":"fiesta-de-la-vendimia","status":"publish","type":"post","link":"https:\/\/kergroixnoble.fr\/blog\/2014\/fiesta-de-la-vendimia\/","title":{"rendered":"Fiesta de la Vendimia"},"content":{"rendered":"<p><a href=\"https:\/\/kergroixnoble.fr\/blog\/wp-content\/uploads\/2014\/03\/20140308_105015_0126_pfz200.jpg\"><img loading=\"lazy\" decoding=\"async\" class=\"alignleft size-medium wp-image-985\" alt=\"20140308_105015_0126_pfz200\" src=\"https:\/\/kergroixnoble.fr\/blog\/wp-content\/uploads\/2014\/03\/20140308_105015_0126_pfz200-300x225.jpg\" width=\"300\" height=\"225\" srcset=\"https:\/\/kergroixnoble.fr\/blog\/wp-content\/uploads\/2014\/03\/20140308_105015_0126_pfz200-300x225.jpg 300w, https:\/\/kergroixnoble.fr\/blog\/wp-content\/uploads\/2014\/03\/20140308_105015_0126_pfz200.jpg 550w\" sizes=\"(max-width: 300px) 100vw, 300px\" \/><\/a>D\u00e9j\u00e0 trois semaines que nous sommes arriv\u00e9s&#8230; Les horloges tournent tr\u00e8s vite dans l\u2019h\u00e9misph\u00e8re sud !<\/p>\n<p>A peine d\u00e9barqu\u00e9 depuis 3 jours que nous voila entra\u00een\u00e9s dans la <a href=\"http:\/\/es.wikipedia.org\/wiki\/Fiesta_Nacional_de_la_Vendimia\">fiesta de la Vendimia<\/a>, une esp\u00e8ce de f\u00eate locale des vendanges dans la r\u00e9gion de <a href=\"http:\/\/fr.wikipedia.org\/wiki\/Province_de_Mendoza\">Mendoza<\/a>, mais cela va beaucoup plus loin (bien que je n&rsquo;ai jamais particip\u00e9 a une quelconque f\u00eate des <a href=\"http:\/\/fr.wikipedia.org\/wiki\/Vendanges\">vendanges<\/a> en France). Pendant une semaine, il y a quantit\u00e9 d&rsquo;animation, concert&#8230; et les traditionnels d\u00e9fil\u00e9s du vendredi soir et samedi matin. Le d\u00e9fil\u00e9 du samedi est le plus long, partant \u00e0 l&rsquo;int\u00e9rieur du parc de San Martin et effectuant le tour du centre ville.<a href=\"https:\/\/kergroixnoble.fr\/blog\/wp-content\/uploads\/2014\/03\/20140308_105026_0085_karel.jpg\"><img loading=\"lazy\" decoding=\"async\" class=\"size-medium wp-image-986 alignright\" alt=\"20140308_105026_0085_karel\" src=\"https:\/\/kergroixnoble.fr\/blog\/wp-content\/uploads\/2014\/03\/20140308_105026_0085_karel-300x225.jpg\" width=\"300\" height=\"225\" srcset=\"https:\/\/kergroixnoble.fr\/blog\/wp-content\/uploads\/2014\/03\/20140308_105026_0085_karel-300x225.jpg 300w, https:\/\/kergroixnoble.fr\/blog\/wp-content\/uploads\/2014\/03\/20140308_105026_0085_karel.jpg 550w\" sizes=\"(max-width: 300px) 100vw, 300px\" \/><\/a><\/p>\n<p>Il dure plus de trois heures&#8230;<\/p>\n<p>Alors, nous n&rsquo;allons pas le r\u00e9sum\u00e9 en quelques lignes, ni en deux photos. Il y aura quelques articles sur des points sp\u00e9cifiques ! Lors du d\u00e9fil\u00e9, un certain nombre de semi-remorques sont transform\u00e9s en plateau ou des h\u00f4tes et des h\u00f4tesses <em>charmantes<\/em> nous envois des grappes de raisons et autres produits (bonbons, salades&#8230;). Le rapport avec les vendanges n&rsquo;est pas toujours \u00e9vident. L&rsquo;important, c&rsquo;est la fiesta !<\/p>\n","protected":false},"excerpt":{"rendered":"<p>D\u00e9j\u00e0 trois semaines que nous sommes arriv\u00e9s&#8230; Les horloges tournent tr\u00e8s vite dans l\u2019h\u00e9misph\u00e8re sud ! A peine d\u00e9barqu\u00e9 depuis 3 jours que nous voila entra\u00een\u00e9s dans la fiesta de la Vendimia, une esp\u00e8ce de f\u00eate locale des vendanges dans &hellip; <a href=\"https:\/\/kergroixnoble.fr\/blog\/2014\/fiesta-de-la-vendimia\/\">Continuer la lecture <span class=\"meta-nav\">&rarr;<\/span><\/a><\/p>\n","protected":false},"author":4,"featured_media":0,"comment_status":"open","ping_status":"open","sticky":false,"template":"","format":"standard","meta":{"footnotes":""},"categories":[1],"tags":[],"class_list":["post-984","post","type-post","status-publish","format-standard","hentry","category-uncategorized"],"_links":{"self":[{"href":"https:\/\/kergroixnoble.fr\/blog\/wp-json\/wp\/v2\/posts\/984"}],"collection":[{"href":"https:\/\/kergroixnoble.fr\/blog\/wp-json\/wp\/v2\/posts"}],"about":[{"href":"https:\/\/kergroixnoble.fr\/blog\/wp-json\/wp\/v2\/types\/post"}],"author":[{"embeddable":true,"href":"https:\/\/kergroixnoble.fr\/blog\/wp-json\/wp\/v2\/users\/4"}],"replies":[{"embeddable":true,"href":"https:\/\/kergroixnoble.fr\/blog\/wp-json\/wp\/v2\/comments?post=984"}],"version-history":[{"count":1,"href":"https:\/\/kergroixnoble.fr\/blog\/wp-json\/wp\/v2\/posts\/984\/revisions"}],"predecessor-version":[{"id":987,"href":"https:\/\/kergroixnoble.fr\/blog\/wp-json\/wp\/v2\/posts\/984\/revisions\/987"}],"wp:attachment":[{"href":"https:\/\/kergroixnoble.fr\/blog\/wp-json\/wp\/v2\/media?parent=984"}],"wp:term":[{"taxonomy":"category","embeddable":true,"href":"https:\/\/kergroixnoble.fr\/blog\/wp-json\/wp\/v2\/categories?post=984"},{"taxonomy":"post_tag","embeddable":true,"href":"https:\/\/kergroixnoble.fr\/blog\/wp-json\/wp\/v2\/tags?post=984"}],"curies":[{"name":"wp","href":"https:\/\/api.w.org\/{rel}","templated":true}]}}