{"id":988,"date":"2014-03-30T14:29:16","date_gmt":"2014-03-30T12:29:16","guid":{"rendered":"http:\/\/kergroixnoble.fr\/blog\/?p=988"},"modified":"2014-03-29T14:31:03","modified_gmt":"2014-03-29T13:31:03","slug":"miss-vendimia-2014","status":"publish","type":"post","link":"https:\/\/kergroixnoble.fr\/blog\/2014\/miss-vendimia-2014\/","title":{"rendered":"Miss Vendimia 2014"},"content":{"rendered":"<p><a href=\"https:\/\/kergroixnoble.fr\/blog\/wp-content\/uploads\/2014\/03\/20140308_104946_030_oe620.jpg\"><img loading=\"lazy\" decoding=\"async\" class=\"alignleft size-medium wp-image-989\" alt=\"OLYMPUS DIGITAL CAMERA\" src=\"https:\/\/kergroixnoble.fr\/blog\/wp-content\/uploads\/2014\/03\/20140308_104946_030_oe620-300x224.jpg\" width=\"300\" height=\"224\" srcset=\"https:\/\/kergroixnoble.fr\/blog\/wp-content\/uploads\/2014\/03\/20140308_104946_030_oe620-300x224.jpg 300w, https:\/\/kergroixnoble.fr\/blog\/wp-content\/uploads\/2014\/03\/20140308_104946_030_oe620.jpg 550w\" sizes=\"(max-width: 300px) 100vw, 300px\" \/><\/a>En parall\u00e8le de la <a href=\"http:\/\/es.wikipedia.org\/wiki\/Fiesta_Nacional_de_la_Vendimia\">fiesta <\/a><span dir=\"auto\"><a href=\"http:\/\/es.wikipedia.org\/wiki\/Fiesta_Nacional_de_la_Vendimia\">de la Vendimia<\/a>, et cependant partie int\u00e9grante de celle-ci, se d\u00e9roule l&rsquo;\u00e9lection de miss Vendimia. A priori, chaque commune de l&rsquo;agglom\u00e9ration \u00e9lit sa miss et le dimanche soir a lieu une grande soir\u00e9e au grand th\u00e9\u00e2tre du parc de San Martin (je vous l&rsquo;ai dis, il y a tout dans ce parc !) avec le choix de LA miss, 2014 pour cette ann\u00e9e.<br \/>\n<\/span><\/p>\n<p>Je ne suis pas sur d&rsquo;avoir compris toute le proc\u00e9dure pour la s\u00e9lection et le choix des miss, <a href=\"https:\/\/kergroixnoble.fr\/blog\/wp-content\/uploads\/2014\/03\/20140308_104945_0081_karel.jpg\"><img loading=\"lazy\" decoding=\"async\" class=\"wp-image-990 alignright\" alt=\"20140308_104945_0081_karel\" src=\"https:\/\/kergroixnoble.fr\/blog\/wp-content\/uploads\/2014\/03\/20140308_104945_0081_karel-300x225.jpg\" width=\"300\" height=\"225\" srcset=\"https:\/\/kergroixnoble.fr\/blog\/wp-content\/uploads\/2014\/03\/20140308_104945_0081_karel-300x225.jpg 300w, https:\/\/kergroixnoble.fr\/blog\/wp-content\/uploads\/2014\/03\/20140308_104945_0081_karel.jpg 550w\" sizes=\"(max-width: 300px) 100vw, 300px\" \/><\/a>toujours est-il qu&rsquo;elles sont tr\u00e8s nombreuses et sont une partie importante des cort\u00e8ges. Au d\u00e9but, je croyais que ce projet \u00e9tait port\u00e9 par le journal <a href=\"http:\/\/www.losandes.com.ar\/vendimia\/\">Los Andes<\/a> car toutes les filles apparaissent dedans en pleine page (il faut dire que pour un journal qui se veut local comme <a href=\"http:\/\/www.ledauphine.com\/\">Le Dauphin\u00e9<\/a> \u00e0 Grenoble, c&rsquo;est un bon filon). Cependant, en pr\u00e9parant cet article, j&rsquo;ai trouv\u00e9 rapidement un <a href=\"http:\/\/vendimia.mendoza.gov.ar\/\">site officiel<\/a> du gouvernement ! \u00c9videmment, en 2015, le lien vers celui-ci n&rsquo;aura plus le m\u00eame rendu que ce jour&#8230;<\/p>\n","protected":false},"excerpt":{"rendered":"<p>En parall\u00e8le de la fiesta de la Vendimia, et cependant partie int\u00e9grante de celle-ci, se d\u00e9roule l&rsquo;\u00e9lection de miss Vendimia. A priori, chaque commune de l&rsquo;agglom\u00e9ration \u00e9lit sa miss et le dimanche soir a lieu une grande soir\u00e9e au grand &hellip; <a href=\"https:\/\/kergroixnoble.fr\/blog\/2014\/miss-vendimia-2014\/\">Continuer la lecture <span class=\"meta-nav\">&rarr;<\/span><\/a><\/p>\n","protected":false},"author":4,"featured_media":0,"comment_status":"open","ping_status":"open","sticky":false,"template":"","format":"standard","meta":{"footnotes":""},"categories":[1],"tags":[],"class_list":["post-988","post","type-post","status-publish","format-standard","hentry","category-uncategorized"],"_links":{"self":[{"href":"https:\/\/kergroixnoble.fr\/blog\/wp-json\/wp\/v2\/posts\/988"}],"collection":[{"href":"https:\/\/kergroixnoble.fr\/blog\/wp-json\/wp\/v2\/posts"}],"about":[{"href":"https:\/\/kergroixnoble.fr\/blog\/wp-json\/wp\/v2\/types\/post"}],"author":[{"embeddable":true,"href":"https:\/\/kergroixnoble.fr\/blog\/wp-json\/wp\/v2\/users\/4"}],"replies":[{"embeddable":true,"href":"https:\/\/kergroixnoble.fr\/blog\/wp-json\/wp\/v2\/comments?post=988"}],"version-history":[{"count":1,"href":"https:\/\/kergroixnoble.fr\/blog\/wp-json\/wp\/v2\/posts\/988\/revisions"}],"predecessor-version":[{"id":991,"href":"https:\/\/kergroixnoble.fr\/blog\/wp-json\/wp\/v2\/posts\/988\/revisions\/991"}],"wp:attachment":[{"href":"https:\/\/kergroixnoble.fr\/blog\/wp-json\/wp\/v2\/media?parent=988"}],"wp:term":[{"taxonomy":"category","embeddable":true,"href":"https:\/\/kergroixnoble.fr\/blog\/wp-json\/wp\/v2\/categories?post=988"},{"taxonomy":"post_tag","embeddable":true,"href":"https:\/\/kergroixnoble.fr\/blog\/wp-json\/wp\/v2\/tags?post=988"}],"curies":[{"name":"wp","href":"https:\/\/api.w.org\/{rel}","templated":true}]}}